{"id":255645,"date":"2021-09-02T08:00:30","date_gmt":"2021-09-02T06:00:30","guid":{"rendered":"https:\/\/weedy.fr\/?p=255645"},"modified":"2023-10-27T10:58:28","modified_gmt":"2023-10-27T08:58:28","slug":"cbd-et-covid-19","status":"publish","type":"post","link":"https:\/\/weedy.fr\/blog\/cbd-et-covid-19\/","title":{"rendered":"CBD et Covid-19 : le cannabis CBD est-il r\u00e9ellement efficace ?"},"content":{"rendered":"<p>17 novembre 2019. Voici la date \u00e0 laquelle a \u00e9t\u00e9 officiellement rapport\u00e9 le premier cas de maladie \u00e0 coronavirus 2019. Ce sont ensuite des centaines puis des milliers et d\u00e9sormais des millions de personnes qui ont \u00e9t\u00e9 test\u00e9es positives, avec des cons\u00e9quences plus ou moins graves. Forc\u00e9ment, la communaut\u00e9 scientifique est en alerte, actant sur tous les fronts pour enrayer la pand\u00e9mie\u00a0: vaccins, traitements de fond et d\u2019accompagnement notamment. Selon certains chercheurs, <strong>le cannabis en g\u00e9n\u00e9ral et le <a href=\"https:\/\/weedy.fr\" data-internallinksmanager029f6b8e52c=\"1\" title=\"CBD - cannabidiol\">CBD<\/a> en particulier pourraient contribuer \u00e0 lutter contre la pand\u00e9mie de Covid-19<\/strong>. Tout ne repose pourtant \u00e0 ce jour que sur des <strong>\u00e9tudes pr\u00e9liminaires<\/strong>. Que sait-on, quelles sont les recherches en cours et quels sont les espoirs\u00a0? C\u2019est ce que nous \u00e9voquons aujourd\u2019hui.<\/p>\n<div id=\"ez-toc-container\" class=\"ez-toc-v2_0_80 counter-hierarchy ez-toc-counter ez-toc-grey ez-toc-container-direction\">\n<div class=\"ez-toc-title-container\">\n<p class=\"ez-toc-title\" style=\"cursor:inherit\">Sommaire<\/p>\n<span class=\"ez-toc-title-toggle\"><a href=\"#\" class=\"ez-toc-pull-right ez-toc-btn ez-toc-btn-xs ez-toc-btn-default ez-toc-toggle\" aria-label=\"Toggle Table of Content\"><span class=\"ez-toc-js-icon-con\"><span class=\"\"><span class=\"eztoc-hide\" style=\"display:none;\">Toggle<\/span><span class=\"ez-toc-icon-toggle-span\"><svg style=\"fill: #43b981;color:#43b981\" xmlns=\"http:\/\/www.w3.org\/2000\/svg\" class=\"list-377408\" width=\"20px\" height=\"20px\" viewBox=\"0 0 24 24\" fill=\"none\"><path d=\"M6 6H4v2h2V6zm14 0H8v2h12V6zM4 11h2v2H4v-2zm16 0H8v2h12v-2zM4 16h2v2H4v-2zm16 0H8v2h12v-2z\" fill=\"currentColor\"><\/path><\/svg><svg style=\"fill: #43b981;color:#43b981\" class=\"arrow-unsorted-368013\" xmlns=\"http:\/\/www.w3.org\/2000\/svg\" width=\"10px\" height=\"10px\" viewBox=\"0 0 24 24\" version=\"1.2\" baseProfile=\"tiny\"><path d=\"M18.2 9.3l-6.2-6.3-6.2 6.3c-.2.2-.3.4-.3.7s.1.5.3.7c.2.2.4.3.7.3h11c.3 0 .5-.1.7-.3.2-.2.3-.5.3-.7s-.1-.5-.3-.7zM5.8 14.7l6.2 6.3 6.2-6.3c.2-.2.3-.5.3-.7s-.1-.5-.3-.7c-.2-.2-.4-.3-.7-.3h-11c-.3 0-.5.1-.7.3-.2.2-.3.5-.3.7s.1.5.3.7z\"\/><\/svg><\/span><\/span><\/span><\/a><\/span><\/div>\n<nav><ul class='ez-toc-list ez-toc-list-level-1 ' ><li class='ez-toc-page-1 ez-toc-heading-level-2'><a class=\"ez-toc-link ez-toc-heading-1\" href=\"https:\/\/weedy.fr\/blog\/cbd-et-covid-19\/#CBD_et_Covid-19_des_etudes_promettantes%E2%80%A6_mais_encore_au_stade_preliminaire\" >CBD et Covid-19\u00a0: des \u00e9tudes promettantes\u2026 mais encore au stade pr\u00e9liminaire<\/a><\/li><li class='ez-toc-page-1 ez-toc-heading-level-2'><a class=\"ez-toc-link ez-toc-heading-2\" href=\"https:\/\/weedy.fr\/blog\/cbd-et-covid-19\/#Le_CBD_pour_inhiber_linfection_par_le_SRAS-CoV-2\" >Le CBD pour inhiber l\u2019infection par le SRAS-CoV-2\u00a0?<\/a><ul class='ez-toc-list-level-3' ><li class='ez-toc-heading-level-3'><a class=\"ez-toc-link ez-toc-heading-3\" href=\"https:\/\/weedy.fr\/blog\/cbd-et-covid-19\/#Certaines_varietes_de_cannabis_CBD_plus_efficaces_contre_le_Covid\" >Certaines vari\u00e9t\u00e9s de cannabis CBD plus efficaces contre le Covid\u00a0?<\/a><\/li><\/ul><\/li><li class='ez-toc-page-1 ez-toc-heading-level-2'><a class=\"ez-toc-link ez-toc-heading-4\" href=\"https:\/\/weedy.fr\/blog\/cbd-et-covid-19\/#Le_CBD_pour_reduire_les_lesions_pulmonaires\" >Le CBD pour r\u00e9duire les l\u00e9sions pulmonaires\u00a0?<\/a><\/li><li class='ez-toc-page-1 ez-toc-heading-level-2'><a class=\"ez-toc-link ez-toc-heading-5\" href=\"https:\/\/weedy.fr\/blog\/cbd-et-covid-19\/#Le_CBD_pour_renforcer_son_systeme_immunitaire\" >Le CBD pour renforcer son syst\u00e8me immunitaire\u00a0?<\/a><\/li><li class='ez-toc-page-1 ez-toc-heading-level-2'><a class=\"ez-toc-link ez-toc-heading-6\" href=\"https:\/\/weedy.fr\/blog\/cbd-et-covid-19\/#Reduire_le_stress_en_periode_de_Covid_grace_au_CBD\" >R\u00e9duire le stress en p\u00e9riode de Covid gr\u00e2ce au CBD<\/a><\/li><\/ul><\/nav><\/div>\n<h2><span class=\"ez-toc-section\" id=\"CBD_et_Covid-19_des_etudes_promettantes%E2%80%A6_mais_encore_au_stade_preliminaire\"><\/span>CBD et Covid-19\u00a0: des \u00e9tudes promettantes\u2026 mais encore au stade pr\u00e9liminaire<span class=\"ez-toc-section-end\"><\/span><\/h2>\n<figure id=\"attachment_255650\" aria-describedby=\"caption-attachment-255650\" style=\"width: 700px\" class=\"wp-caption aligncenter\"><img fetchpriority=\"high\" decoding=\"async\" class=\"size-full wp-image-255650\" src=\"https:\/\/weedy.fr\/wp-content\/uploads\/2021\/08\/Virus-du-Covid-19-min.jpg\" alt=\"virus du covid 19 min\" width=\"700\" height=\"393\" \/><figcaption id=\"caption-attachment-255650\" class=\"wp-caption-text\">Toutes les pistes sont bonnes \u00e0 \u00e9tudier pour enrayer plus rapidement la pand\u00e9mie de Covid-19<\/figcaption><\/figure>\n<p>\u00c0 ce jour, diff\u00e9rentes \u00e9tudes semblent tirer des conclusions similaires en \u00e9voquant le <strong>potentiel du <a href=\"https:\/\/weedy.fr\" data-internallinksmanager029f6b8e52c=\"1\" title=\"CBD - cannabidiol\">CBD<\/a> dans la lutte contre le Covid-19<\/strong>. Pour autant, toutes sont encore \u00e0 un stade pr\u00e9liminaire et ne permet pas de tirer des conclusions claires. Men\u00e9es pour la plupart aux \u00c9tats-Unis et au Canada, elles se basent sur des mod\u00e8les th\u00e9oriques, n\u2019ont pas encore \u00e9t\u00e9 test\u00e9es sur l\u2019humain ou reposent sur des constats ne suivant pas toujours des protocoles scientifiques pr\u00e9cis. Cela est donc encourageant, mais <strong>l\u2019ensemble des r\u00e9sultats \u00e9voqu\u00e9s doivent encore \u00eatre recoup\u00e9s, confirm\u00e9s par des tiers ind\u00e9pendants et approfondis par des \u00e9tudes compl\u00e9mentaires<\/strong>.<\/p>\n<p>Petit tour d\u2019horizon des pistes \u00e0 creuser.<\/p>\n<h2><span class=\"ez-toc-section\" id=\"Le_CBD_pour_inhiber_linfection_par_le_SRAS-CoV-2\"><\/span>Le CBD pour inhiber l\u2019infection par le SRAS-CoV-2\u00a0?<span class=\"ez-toc-section-end\"><\/span><\/h2>\n<p>Des chercheurs am\u00e9ricains, pour certains travaillant pour l\u2019Universit\u00e9 de l\u2019Illinois (Chicago) testent la capacit\u00e9 du <a href=\"https:\/\/weedy.fr\" data-internallinksmanager029f6b8e52c=\"1\" title=\"CBD - cannabidiol\">CBD<\/a> \u00e0 inhiber la r\u00e9plication du SARS-CoV-2. Derri\u00e8re ces termes pour le moins techniques, on retrouve un fait simple\u00a0: le CBD pourrait <strong>r\u00e9duire l\u2019infection au Covid-19<\/strong>. Plus pr\u00e9cis\u00e9ment, cela sous-entend que le CBD pris <strong>\u00e0 titre pr\u00e9ventif<\/strong> pourrait limiter le risque de contracter la maladie. Pris suffisamment t\u00f4t apr\u00e8s le d\u00e9pistage, il pourrait \u00e9galement permettre de <strong>limiter l\u2019\u00e9tendue de l\u2019infection<\/strong>. Cela serait possible gr\u00e2ce \u00e0 la capacit\u00e9 du CBD et de son m\u00e9tabolite (sa version synth\u00e9tis\u00e9e par l\u2019organisme), le <strong>7-OH-CBD<\/strong>, de bloquer la r\u00e9plication du virus.<\/p>\n<p>Les conclusions de cette \u00e9tude sont en train d\u2019\u00eatre examin\u00e9es par la communaut\u00e9 scientifique. En attendant, le <a href=\"https:\/\/www.biorxiv.org\/content\/10.1101\/2021.03.10.432967v1\" target=\"_blank\" rel=\"noopener\">rapport final<\/a> <em><\/em> est d\u00e9j\u00e0 disponible \u00e0 la lecture. Attention donc, le CBD n\u2019est \u00e0 ce jour en aucun cas reconnu pour pr\u00e9venir du Covid et n\u2019est d\u2019ailleurs, globalement, pas reconnu comme un traitement \u00e0 quoi que ce soit en France.<\/p>\n<h3><span class=\"ez-toc-section\" id=\"Certaines_varietes_de_cannabis_CBD_plus_efficaces_contre_le_Covid\"><\/span>Certaines vari\u00e9t\u00e9s de cannabis CBD plus efficaces contre le Covid\u00a0?<span class=\"ez-toc-section-end\"><\/span><\/h3>\n<p>Une autre \u00e9tude, canadienne cette fois, \u00e9voque l\u2019<strong>action du CBD sur ACE2<\/strong>, une prot\u00e9ine cl\u00e9 dans la physiologie du Covid-19. Cette propri\u00e9t\u00e9, si elle est confirm\u00e9e, pourrait \u00e9galement aller dans le sens que le cannabidiol puisse prot\u00e9ger de (ou du moins ralentir) l\u2019infection au coronavirus.\u00a0Les chercheurs canadiens mettent plus pr\u00e9cis\u00e9ment en avant une dizaine de <a href=\"https:\/\/weedy.fr\/blog\/weed-purple\/\">vari\u00e9t\u00e9s de cannabis<\/a> dont les teneurs en cannabidiol sont particuli\u00e8rement \u00e9lev\u00e9es, le <a href=\"https:\/\/weedy.fr\/blog\/comprendre-les-cannabinoides-tout-sur-ces-composes-fascinants\/\" data-internallinksmanager029f6b8e52c=\"10\" title=\"cannabino\u00efde\">cannabino\u00efde<\/a> \u00e9tant plus utile pour moduler le taux de prot\u00e9ines ACE2, <strong>impliqu\u00e9e dans certaines fonctions cardiovasculaires, pulmonaires et r\u00e9nales<\/strong>.<\/p>\n<h2><span class=\"ez-toc-section\" id=\"Le_CBD_pour_reduire_les_lesions_pulmonaires\"><\/span>Le CBD pour r\u00e9duire les l\u00e9sions pulmonaires\u00a0?<span class=\"ez-toc-section-end\"><\/span><\/h2>\n<figure id=\"attachment_255648\" aria-describedby=\"caption-attachment-255648\" style=\"width: 700px\" class=\"wp-caption aligncenter\"><img decoding=\"async\" class=\"size-full wp-image-255648\" src=\"https:\/\/weedy.fr\/wp-content\/uploads\/2021\/08\/Lesions-pulmonaires-covid-19-min.jpg\" alt=\"l\u00e9sions pulmonaires covid 19 min\" width=\"700\" height=\"477\" \/><figcaption id=\"caption-attachment-255648\" class=\"wp-caption-text\">Le CBD peut-il limiter les d\u00e9g\u00e2ts caus\u00e9s par la Covid-19 sur les poumons ?<\/figcaption><\/figure>\n<p>Cette fois-ci, l\u2019\u00e9tude nous vient de G\u00e9orgie, toujours aux \u00c9tats-Unis. Selon des chercheurs du <em>Medical College of Georgia<\/em> (MCG), le CBD aiderait \u00e0 <strong>r\u00e9duire les l\u00e9sions pulmonaires caus\u00e9es par le Covid-19<\/strong>. Comment\u00a0? <strong>En r\u00e9gulant le taux d\u2019apeline<\/strong>, un ensemble d\u2019acides amin\u00e9s connu depuis 1998 et notamment \u00e9tudi\u00e9 dans le cadre de la lutte contre le diab\u00e8te de type II. Or, les malades du Covid en d\u00e9tresse respiratoire voient leur taux d\u2019apeline chuter. En maintenant son niveau, le CBD pourrait donc contribuer \u00e0 limiter l\u2019inflammation. Il ne s\u2019agit cependant \u00e0 ce stade que d\u2019une observation, n\u00e9cessitant des \u00e9tudes plus pouss\u00e9es.<\/p>\n<h2><span class=\"ez-toc-section\" id=\"Le_CBD_pour_renforcer_son_systeme_immunitaire\"><\/span>Le CBD pour renforcer son syst\u00e8me immunitaire\u00a0?<span class=\"ez-toc-section-end\"><\/span><\/h2>\n<p>Les \u00e9tudes \u00e9voqu\u00e9es en d\u00e9but d\u2019article sont \u00e0 prendre avec des pincettes car encore \u00e0 un stade pr\u00e9liminaire et non-confirm\u00e9es par des chercheurs tiers et ind\u00e9pendants. Si les r\u00e9sultats se confirment, la porte semble cependant ouverte \u00e0 la possibilit\u00e9 de profiter des vertus du CBD pour faire face au Covid, notamment pour limiter les l\u00e9sions pulmonaires que le coronavirus implique. Il semble par contre d\u2019ores et d\u00e9j\u00e0 raisonnable d\u2019\u00e9voquer les propri\u00e9t\u00e9s vertueuses du CBD, surtout lorsqu\u2019il est associ\u00e9 \u00e0 l\u2019<a href=\"https:\/\/weedy.fr\/blog\/tout-savoir-sur-lhuile-de-chanvre\/\">huile de chanvre<\/a>, pour renforcer son syst\u00e8me immunitaire. Le chanvre est en effet naturellement <strong>riche en acides gras (om\u00e9gas), antioxydants et vitamines qui contribuent \u00e0 renforcer le syst\u00e8me immunitaire<\/strong>, principal moyen de d\u00e9fense de notre organisme contre les agressions ext\u00e9rieures.<\/p>\n<p><strong>En r\u00e9sum\u00e9\u00a0: le CBD n\u2019est ni un m\u00e9dicament ni une alternative \u00e0 un autre traitement ou encore vaccin. Il peut par contre potentiellement aider votre corps \u00e0 mieux s\u2019armer. <\/strong><\/p>\n<h2><span class=\"ez-toc-section\" id=\"Reduire_le_stress_en_periode_de_Covid_grace_au_CBD\"><\/span>R\u00e9duire le stress en p\u00e9riode de Covid gr\u00e2ce au CBD<span class=\"ez-toc-section-end\"><\/span><\/h2>\n<figure id=\"attachment_257052\" aria-describedby=\"caption-attachment-257052\" style=\"width: 650px\" class=\"wp-caption aligncenter\"><img decoding=\"async\" class=\"wp-image-257052 size-full\" src=\"https:\/\/weedy.fr\/wp-content\/uploads\/2021\/09\/Securite-face-au-covid-19-Sante-mentale-min.jpg\" alt=\"securite face au covid 19 sante mentale min\" width=\"650\" height=\"432\" \/><figcaption id=\"caption-attachment-257052\" class=\"wp-caption-text\">Veiller sur sa sant\u00e9 mentale fait partie des pr\u00e9cautions \u00e0 prendre face \u00e0 la pand\u00e9mie de Covid-19. Le CBD peut y contribuer.<\/figcaption><\/figure>\n<p>Nous l\u2019avons longuement \u00e9voqu\u00e9, nous ne pouvons \u00e0 l\u2019heure actuelle compter que sur des \u00e9tudes pr\u00e9liminaires en ce qui concerne le r\u00f4le du CBD face au Covid-19. Ce que l\u2019on sait cependant de longue date est que le cannabidiol poss\u00e8de des <a href=\"https:\/\/weedy.fr\/blog\/cbd-et-anxiete\/\"><strong>propri\u00e9t\u00e9s antid\u00e9pressives int\u00e9ressantes<\/strong><\/a>. Il existe donc un int\u00e9r\u00eat \u00e0 consommer du <a href=\"https:\/\/weedy.fr\/\">CBD<\/a> afin de mieux appr\u00e9hender cette situation in\u00e9dite et mondiale qui a toutes les raisons d\u2019attaquer notre mental.<\/p>\n<p>Un an apr\u00e8s le d\u00e9but de la pand\u00e9mie, le journal <a href=\"https:\/\/www.20minutes.fr\/sante\/2977883-20210216-pandemie-cbd-aide-oublier-soucis-prendre-antidepresseurs\" target=\"_blank\" rel=\"noopener\">20 minutes<\/a> interrogeait m\u00eame plusieurs utilisateurs qui expliquaient comment le CBD les aidait \u00e0 <strong>supporter le climat anxiog\u00e8ne<\/strong> cr\u00e9\u00e9 par la peur du virus, la difficile situation \u00e9conomique li\u00e9e \u00e0 l\u2019exercice de certaines professions et la limitation de la vie sociale.<\/p>\n<p>Attention toutefois si vous \u00eates sous m\u00e9dicamentation, notamment pour des troubles li\u00e9s \u00e0 l\u2019anxi\u00e9t\u00e9 ou \u00e0 la sant\u00e9 mentale en g\u00e9n\u00e9rale. L\u2019association de cannabino\u00efdes et de certains antid\u00e9presseurs entra\u00eene un risque d\u2019<a href=\"https:\/\/weedy.fr\/blog\/interactions-medicamenteuses-et-cbd\/\">interaction m\u00e9dicamenteuse<\/a>. Si vous souffrez d\u2019une quelconque pathologie, <strong>parlez donc syst\u00e9matiquement de votre volont\u00e9 de prendre du CBD \u00e0 un personnel de sant\u00e9<\/strong> avant de franchir le pas.<\/p>\n","protected":false},"excerpt":{"rendered":"<p>17 novembre 2019. Voici la date \u00e0 laquelle a \u00e9t\u00e9 officiellement rapport\u00e9 le premier cas de maladie \u00e0 coronavirus 2019. Ce sont ensuite des centaines puis des milliers et d\u00e9sormais des millions de personnes qui ont \u00e9t\u00e9 test\u00e9es positives, avec des cons\u00e9quences plus ou moins graves. Forc\u00e9ment, la communaut\u00e9 scientifique est en alerte, actant sur [&hellip;]<\/p>\n","protected":false},"author":41,"featured_media":257052,"comment_status":"closed","ping_status":"closed","sticky":false,"template":"","format":"standard","meta":{"_sitemap_exclude":false,"_sitemap_priority":"","_sitemap_frequency":"","footnotes":""},"categories":[364],"tags":[],"class_list":["post-255645","post","type-post","status-publish","format-standard","has-post-thumbnail","hentry","category-sante-cbd"],"yoast_head":"<!-- This site is optimized with the Yoast SEO Premium plugin v26.9 (Yoast SEO v26.9) - https:\/\/yoast.com\/product\/yoast-seo-premium-wordpress\/ -->\n<title>CBD et Covid-19 : le cannabis CBD est-il r\u00e9ellement efficace ? - Actualit\u00e9s CBD Blog - Weedy.fr<\/title>\n<meta name=\"robots\" content=\"index, follow, max-snippet:-1, max-image-preview:large, max-video-preview:-1\" \/>\n<link rel=\"canonical\" href=\"https:\/\/weedy.fr\/blog\/cbd-et-covid-19\/\" \/>\n<meta property=\"og:locale\" content=\"fr_FR\" \/>\n<meta property=\"og:type\" content=\"article\" \/>\n<meta property=\"og:title\" content=\"\ud83c\udf31CBD et Covid-19 : le cannabis CBD est-il r\u00e9ellement efficace ? - Weedy.Fr\ud83c\udf31\" \/>\n<meta property=\"og:description\" content=\"17 novembre 2019. Voici la date \u00e0 laquelle a \u00e9t\u00e9 officiellement rapport\u00e9 le premier cas de maladie \u00e0 coronavirus 2019. Ce sont ensuite des centaines puis des milliers et d\u00e9sormais des millions de personnes qui ont \u00e9t\u00e9 test\u00e9es positives, avec des cons\u00e9quences plus ou moins graves. Forc\u00e9ment, la communaut\u00e9 scientifique est en alerte, actant sur [&hellip;]\" \/>\n<meta property=\"og:url\" content=\"https:\/\/weedy.fr\/blog\/cbd-et-covid-19\/\" \/>\n<meta property=\"og:site_name\" content=\"Actualit\u00e9s CBD Blog - Weedy.fr\" \/>\n<meta property=\"article:publisher\" content=\"https:\/\/www.facebook.com\/weedysocial\" \/>\n<meta property=\"article:author\" content=\"https:\/\/www.facebook.com\/weedysocial\/\" \/>\n<meta property=\"article:published_time\" content=\"2021-09-02T06:00:30+00:00\" \/>\n<meta property=\"article:modified_time\" content=\"2023-10-27T08:58:28+00:00\" \/>\n<meta property=\"og:image\" content=\"https:\/\/weedy.fr\/blog\/wp-content\/uploads\/2024\/05\/logo-carre.jpg\" \/>\n\t<meta property=\"og:image:width\" content=\"582\" \/>\n\t<meta property=\"og:image:height\" content=\"582\" \/>\n\t<meta property=\"og:image:type\" content=\"image\/jpeg\" \/>\n<meta name=\"author\" content=\"Julien Cordobes\" \/>\n<meta name=\"twitter:card\" content=\"summary_large_image\" \/>\n<meta name=\"twitter:label1\" content=\"\u00c9crit par\" \/>\n\t<meta name=\"twitter:data1\" content=\"Julien Cordobes\" \/>\n<script type=\"application\/ld+json\" class=\"yoast-schema-graph\">{\"@context\":\"https:\/\/schema.org\",\"@graph\":[{\"@type\":\"Article\",\"@id\":\"https:\/\/weedy.fr\/blog\/cbd-et-covid-19\/#article\",\"isPartOf\":{\"@id\":\"https:\/\/weedy.fr\/blog\/cbd-et-covid-19\/\"},\"author\":{\"name\":\"Julien Cordobes\",\"@id\":\"https:\/\/weedy.fr\/blog\/#\/schema\/person\/72583fcd87d7cf46afe11d530945bc7e\"},\"headline\":\"CBD et Covid-19 : le cannabis CBD est-il r\u00e9ellement efficace ?\",\"datePublished\":\"2021-09-02T06:00:30+00:00\",\"dateModified\":\"2023-10-27T08:58:28+00:00\",\"mainEntityOfPage\":{\"@id\":\"https:\/\/weedy.fr\/blog\/cbd-et-covid-19\/\"},\"wordCount\":1165,\"publisher\":{\"@id\":\"https:\/\/weedy.fr\/blog\/#organization\"},\"image\":{\"@id\":\"https:\/\/weedy.fr\/blog\/cbd-et-covid-19\/#primaryimage\"},\"thumbnailUrl\":\"\",\"articleSection\":[\"Sant\u00e9 &amp; Bien-\u00eatre\"],\"inLanguage\":\"fr-FR\"},{\"@type\":\"WebPage\",\"@id\":\"https:\/\/weedy.fr\/blog\/cbd-et-covid-19\/\",\"url\":\"https:\/\/weedy.fr\/blog\/cbd-et-covid-19\/\",\"name\":\"CBD et Covid-19 : le cannabis CBD est-il r\u00e9ellement efficace ? - Actualit\u00e9s CBD Blog - Weedy.fr\",\"isPartOf\":{\"@id\":\"https:\/\/weedy.fr\/blog\/#website\"},\"primaryImageOfPage\":{\"@id\":\"https:\/\/weedy.fr\/blog\/cbd-et-covid-19\/#primaryimage\"},\"image\":{\"@id\":\"https:\/\/weedy.fr\/blog\/cbd-et-covid-19\/#primaryimage\"},\"thumbnailUrl\":\"\",\"datePublished\":\"2021-09-02T06:00:30+00:00\",\"dateModified\":\"2023-10-27T08:58:28+00:00\",\"breadcrumb\":{\"@id\":\"https:\/\/weedy.fr\/blog\/cbd-et-covid-19\/#breadcrumb\"},\"inLanguage\":\"fr-FR\",\"potentialAction\":[{\"@type\":\"ReadAction\",\"target\":[\"https:\/\/weedy.fr\/blog\/cbd-et-covid-19\/\"]}]},{\"@type\":\"ImageObject\",\"inLanguage\":\"fr-FR\",\"@id\":\"https:\/\/weedy.fr\/blog\/cbd-et-covid-19\/#primaryimage\",\"url\":\"\",\"contentUrl\":\"\"},{\"@type\":\"BreadcrumbList\",\"@id\":\"https:\/\/weedy.fr\/blog\/cbd-et-covid-19\/#breadcrumb\",\"itemListElement\":[{\"@type\":\"ListItem\",\"position\":1,\"name\":\"CBD Blog\",\"item\":\"https:\/\/weedy.fr\/blog\/\"},{\"@type\":\"ListItem\",\"position\":2,\"name\":\"Culture du CBD\",\"item\":\"https:\/\/weedy.fr\/blog\/category\/culture-cbd\/\"},{\"@type\":\"ListItem\",\"position\":3,\"name\":\"Sant\u00e9 &amp; Bien-\u00eatre\",\"item\":\"https:\/\/weedy.fr\/blog\/category\/culture-cbd\/sante-cbd\/\"},{\"@type\":\"ListItem\",\"position\":4,\"name\":\"CBD et Covid-19 : le cannabis CBD est-il r\u00e9ellement efficace ?\"}]},{\"@type\":\"WebSite\",\"@id\":\"https:\/\/weedy.fr\/blog\/#website\",\"url\":\"https:\/\/weedy.fr\/blog\/\",\"name\":\"Actualit\u00e9s CBD Blog - Weedy.fr\",\"description\":\"Le meilleur de l&#039;actualit\u00e9 du CBD et du chanvre en France\",\"publisher\":{\"@id\":\"https:\/\/weedy.fr\/blog\/#organization\"},\"alternateName\":\"Weedy.fr\",\"potentialAction\":[{\"@type\":\"SearchAction\",\"target\":{\"@type\":\"EntryPoint\",\"urlTemplate\":\"https:\/\/weedy.fr\/blog\/?s={search_term_string}\"},\"query-input\":{\"@type\":\"PropertyValueSpecification\",\"valueRequired\":true,\"valueName\":\"search_term_string\"}}],\"inLanguage\":\"fr-FR\"},{\"@type\":\"Organization\",\"@id\":\"https:\/\/weedy.fr\/blog\/#organization\",\"name\":\"Weedy.fr\",\"alternateName\":\"Weedy.fr\",\"url\":\"https:\/\/weedy.fr\/blog\/\",\"logo\":{\"@type\":\"ImageObject\",\"inLanguage\":\"fr-FR\",\"@id\":\"https:\/\/weedy.fr\/blog\/#\/schema\/logo\/image\/\",\"url\":\"https:\/\/weedy.fr\/blog\/wp-content\/uploads\/2024\/05\/logo-carre.jpg\",\"contentUrl\":\"https:\/\/weedy.fr\/blog\/wp-content\/uploads\/2024\/05\/logo-carre.jpg\",\"width\":582,\"height\":582,\"caption\":\"Weedy.fr\"},\"image\":{\"@id\":\"https:\/\/weedy.fr\/blog\/#\/schema\/logo\/image\/\"},\"sameAs\":[\"https:\/\/www.facebook.com\/weedysocial\",\"https:\/\/www.instagram.com\/weedyfrance\/\"],\"description\":\"Leader en france sur la vente de produits \u00e0 base de CBD\",\"email\":\"support@weedy.fr\",\"telephone\":\"0187651030\",\"legalName\":\"Weedy.fr\"},{\"@type\":\"Person\",\"@id\":\"https:\/\/weedy.fr\/blog\/#\/schema\/person\/72583fcd87d7cf46afe11d530945bc7e\",\"name\":\"Julien Cordobes\",\"image\":{\"@type\":\"ImageObject\",\"inLanguage\":\"fr-FR\",\"@id\":\"https:\/\/weedy.fr\/blog\/#\/schema\/person\/image\/\",\"url\":\"https:\/\/secure.gravatar.com\/avatar\/39c7124515a22e18b96324fe7087f17d145ba095086413a586717853860bd09b?s=96&d=mm&r=g\",\"contentUrl\":\"https:\/\/secure.gravatar.com\/avatar\/39c7124515a22e18b96324fe7087f17d145ba095086413a586717853860bd09b?s=96&d=mm&r=g\",\"caption\":\"Julien Cordobes\"},\"description\":\"R\u00e9dacteur en chef sp\u00e9cialis\u00e9 en CBD Julien, n\u00e9 le 17 juillet 1978 en r\u00e9gion Parisienne, est un \u00e9minent r\u00e9dacteur et expert dans le domaine des produits \u00e0 base de CBD. Suite \u00e0 ses \u00e9tudes en biologie et en m\u00e9decine alternative, Julien a d\u00e9velopp\u00e9 une passion pour les rem\u00e8des naturels, dont le CBD. En 2022, il int\u00e8gre l\u2019\u00e9quipe du site Weedy.fr en qualit\u00e9 d\u2019expert et de contributeur r\u00e9gulier. Gr\u00e2ce \u00e0 son expertise scientifique et une \u00e9criture claire, Julien aide \u00e0 d\u00e9mystifier les aspects complexes du CBD, tout en mettant en lumi\u00e8re ses bienfaits et applications potentielles \u00e0 travers ses articles et participations \u00e0 des conf\u00e9rences.\",\"sameAs\":[\"https:\/\/weedy.fr\",\"https:\/\/www.facebook.com\/weedysocial\/\",\"https:\/\/www.instagram.com\/weedyfrance\",\"https:\/\/www.pinterest.fr\/WeedyFrance\/\"],\"honorificPrefix\":\"Mr\",\"birthDate\":\"1978-07-17\",\"gender\":\"male\",\"knowsAbout\":[\"CBD\",\"Cannabis\",\"Copywriter\"],\"knowsLanguage\":[\"French\"],\"jobTitle\":\"Editor-in-chief specializing in CBD\",\"worksFor\":\"Weedy.fr\",\"url\":\"https:\/\/weedy.fr\/blog\/author\/cbd_blog_owner\/\"}]}<\/script>\n<!-- \/ Yoast SEO Premium plugin. -->","yoast_head_json":{"title":"CBD et Covid-19 : le cannabis CBD est-il r\u00e9ellement efficace ? - Actualit\u00e9s CBD Blog - Weedy.fr","robots":{"index":"index","follow":"follow","max-snippet":"max-snippet:-1","max-image-preview":"max-image-preview:large","max-video-preview":"max-video-preview:-1"},"canonical":"https:\/\/weedy.fr\/blog\/cbd-et-covid-19\/","og_locale":"fr_FR","og_type":"article","og_title":"\ud83c\udf31CBD et Covid-19 : le cannabis CBD est-il r\u00e9ellement efficace ? - Weedy.Fr\ud83c\udf31","og_description":"17 novembre 2019. Voici la date \u00e0 laquelle a \u00e9t\u00e9 officiellement rapport\u00e9 le premier cas de maladie \u00e0 coronavirus 2019. Ce sont ensuite des centaines puis des milliers et d\u00e9sormais des millions de personnes qui ont \u00e9t\u00e9 test\u00e9es positives, avec des cons\u00e9quences plus ou moins graves. Forc\u00e9ment, la communaut\u00e9 scientifique est en alerte, actant sur [&hellip;]","og_url":"https:\/\/weedy.fr\/blog\/cbd-et-covid-19\/","og_site_name":"Actualit\u00e9s CBD Blog - Weedy.fr","article_publisher":"https:\/\/www.facebook.com\/weedysocial","article_author":"https:\/\/www.facebook.com\/weedysocial\/","article_published_time":"2021-09-02T06:00:30+00:00","article_modified_time":"2023-10-27T08:58:28+00:00","og_image":[{"width":582,"height":582,"url":"https:\/\/weedy.fr\/blog\/wp-content\/uploads\/2024\/05\/logo-carre.jpg","type":"image\/jpeg"}],"author":"Julien Cordobes","twitter_card":"summary_large_image","twitter_misc":{"\u00c9crit par":"Julien Cordobes"},"schema":{"@context":"https:\/\/schema.org","@graph":[{"@type":"Article","@id":"https:\/\/weedy.fr\/blog\/cbd-et-covid-19\/#article","isPartOf":{"@id":"https:\/\/weedy.fr\/blog\/cbd-et-covid-19\/"},"author":{"name":"Julien Cordobes","@id":"https:\/\/weedy.fr\/blog\/#\/schema\/person\/72583fcd87d7cf46afe11d530945bc7e"},"headline":"CBD et Covid-19 : le cannabis CBD est-il r\u00e9ellement efficace ?","datePublished":"2021-09-02T06:00:30+00:00","dateModified":"2023-10-27T08:58:28+00:00","mainEntityOfPage":{"@id":"https:\/\/weedy.fr\/blog\/cbd-et-covid-19\/"},"wordCount":1165,"publisher":{"@id":"https:\/\/weedy.fr\/blog\/#organization"},"image":{"@id":"https:\/\/weedy.fr\/blog\/cbd-et-covid-19\/#primaryimage"},"thumbnailUrl":"","articleSection":["Sant\u00e9 &amp; Bien-\u00eatre"],"inLanguage":"fr-FR"},{"@type":"WebPage","@id":"https:\/\/weedy.fr\/blog\/cbd-et-covid-19\/","url":"https:\/\/weedy.fr\/blog\/cbd-et-covid-19\/","name":"CBD et Covid-19 : le cannabis CBD est-il r\u00e9ellement efficace ? - Actualit\u00e9s CBD Blog - Weedy.fr","isPartOf":{"@id":"https:\/\/weedy.fr\/blog\/#website"},"primaryImageOfPage":{"@id":"https:\/\/weedy.fr\/blog\/cbd-et-covid-19\/#primaryimage"},"image":{"@id":"https:\/\/weedy.fr\/blog\/cbd-et-covid-19\/#primaryimage"},"thumbnailUrl":"","datePublished":"2021-09-02T06:00:30+00:00","dateModified":"2023-10-27T08:58:28+00:00","breadcrumb":{"@id":"https:\/\/weedy.fr\/blog\/cbd-et-covid-19\/#breadcrumb"},"inLanguage":"fr-FR","potentialAction":[{"@type":"ReadAction","target":["https:\/\/weedy.fr\/blog\/cbd-et-covid-19\/"]}]},{"@type":"ImageObject","inLanguage":"fr-FR","@id":"https:\/\/weedy.fr\/blog\/cbd-et-covid-19\/#primaryimage","url":"","contentUrl":""},{"@type":"BreadcrumbList","@id":"https:\/\/weedy.fr\/blog\/cbd-et-covid-19\/#breadcrumb","itemListElement":[{"@type":"ListItem","position":1,"name":"CBD Blog","item":"https:\/\/weedy.fr\/blog\/"},{"@type":"ListItem","position":2,"name":"Culture du CBD","item":"https:\/\/weedy.fr\/blog\/category\/culture-cbd\/"},{"@type":"ListItem","position":3,"name":"Sant\u00e9 &amp; Bien-\u00eatre","item":"https:\/\/weedy.fr\/blog\/category\/culture-cbd\/sante-cbd\/"},{"@type":"ListItem","position":4,"name":"CBD et Covid-19 : le cannabis CBD est-il r\u00e9ellement efficace ?"}]},{"@type":"WebSite","@id":"https:\/\/weedy.fr\/blog\/#website","url":"https:\/\/weedy.fr\/blog\/","name":"Actualit\u00e9s CBD Blog - Weedy.fr","description":"Le meilleur de l&#039;actualit\u00e9 du CBD et du chanvre en France","publisher":{"@id":"https:\/\/weedy.fr\/blog\/#organization"},"alternateName":"Weedy.fr","potentialAction":[{"@type":"SearchAction","target":{"@type":"EntryPoint","urlTemplate":"https:\/\/weedy.fr\/blog\/?s={search_term_string}"},"query-input":{"@type":"PropertyValueSpecification","valueRequired":true,"valueName":"search_term_string"}}],"inLanguage":"fr-FR"},{"@type":"Organization","@id":"https:\/\/weedy.fr\/blog\/#organization","name":"Weedy.fr","alternateName":"Weedy.fr","url":"https:\/\/weedy.fr\/blog\/","logo":{"@type":"ImageObject","inLanguage":"fr-FR","@id":"https:\/\/weedy.fr\/blog\/#\/schema\/logo\/image\/","url":"https:\/\/weedy.fr\/blog\/wp-content\/uploads\/2024\/05\/logo-carre.jpg","contentUrl":"https:\/\/weedy.fr\/blog\/wp-content\/uploads\/2024\/05\/logo-carre.jpg","width":582,"height":582,"caption":"Weedy.fr"},"image":{"@id":"https:\/\/weedy.fr\/blog\/#\/schema\/logo\/image\/"},"sameAs":["https:\/\/www.facebook.com\/weedysocial","https:\/\/www.instagram.com\/weedyfrance\/"],"description":"Leader en france sur la vente de produits \u00e0 base de CBD","email":"support@weedy.fr","telephone":"0187651030","legalName":"Weedy.fr"},{"@type":"Person","@id":"https:\/\/weedy.fr\/blog\/#\/schema\/person\/72583fcd87d7cf46afe11d530945bc7e","name":"Julien Cordobes","image":{"@type":"ImageObject","inLanguage":"fr-FR","@id":"https:\/\/weedy.fr\/blog\/#\/schema\/person\/image\/","url":"https:\/\/secure.gravatar.com\/avatar\/39c7124515a22e18b96324fe7087f17d145ba095086413a586717853860bd09b?s=96&d=mm&r=g","contentUrl":"https:\/\/secure.gravatar.com\/avatar\/39c7124515a22e18b96324fe7087f17d145ba095086413a586717853860bd09b?s=96&d=mm&r=g","caption":"Julien Cordobes"},"description":"R\u00e9dacteur en chef sp\u00e9cialis\u00e9 en CBD Julien, n\u00e9 le 17 juillet 1978 en r\u00e9gion Parisienne, est un \u00e9minent r\u00e9dacteur et expert dans le domaine des produits \u00e0 base de CBD. Suite \u00e0 ses \u00e9tudes en biologie et en m\u00e9decine alternative, Julien a d\u00e9velopp\u00e9 une passion pour les rem\u00e8des naturels, dont le CBD. En 2022, il int\u00e8gre l\u2019\u00e9quipe du site Weedy.fr en qualit\u00e9 d\u2019expert et de contributeur r\u00e9gulier. Gr\u00e2ce \u00e0 son expertise scientifique et une \u00e9criture claire, Julien aide \u00e0 d\u00e9mystifier les aspects complexes du CBD, tout en mettant en lumi\u00e8re ses bienfaits et applications potentielles \u00e0 travers ses articles et participations \u00e0 des conf\u00e9rences.","sameAs":["https:\/\/weedy.fr","https:\/\/www.facebook.com\/weedysocial\/","https:\/\/www.instagram.com\/weedyfrance","https:\/\/www.pinterest.fr\/WeedyFrance\/"],"honorificPrefix":"Mr","birthDate":"1978-07-17","gender":"male","knowsAbout":["CBD","Cannabis","Copywriter"],"knowsLanguage":["French"],"jobTitle":"Editor-in-chief specializing in CBD","worksFor":"Weedy.fr","url":"https:\/\/weedy.fr\/blog\/author\/cbd_blog_owner\/"}]}},"_links":{"self":[{"href":"https:\/\/weedy.fr\/blog\/wp-json\/wp\/v2\/posts\/255645","targetHints":{"allow":["GET"]}}],"collection":[{"href":"https:\/\/weedy.fr\/blog\/wp-json\/wp\/v2\/posts"}],"about":[{"href":"https:\/\/weedy.fr\/blog\/wp-json\/wp\/v2\/types\/post"}],"author":[{"embeddable":true,"href":"https:\/\/weedy.fr\/blog\/wp-json\/wp\/v2\/users\/41"}],"replies":[{"embeddable":true,"href":"https:\/\/weedy.fr\/blog\/wp-json\/wp\/v2\/comments?post=255645"}],"version-history":[{"count":1,"href":"https:\/\/weedy.fr\/blog\/wp-json\/wp\/v2\/posts\/255645\/revisions"}],"predecessor-version":[{"id":351382,"href":"https:\/\/weedy.fr\/blog\/wp-json\/wp\/v2\/posts\/255645\/revisions\/351382"}],"wp:featuredmedia":[{"embeddable":true,"href":"https:\/\/weedy.fr\/blog\/wp-json\/"}],"wp:attachment":[{"href":"https:\/\/weedy.fr\/blog\/wp-json\/wp\/v2\/media?parent=255645"}],"wp:term":[{"taxonomy":"category","embeddable":true,"href":"https:\/\/weedy.fr\/blog\/wp-json\/wp\/v2\/categories?post=255645"},{"taxonomy":"post_tag","embeddable":true,"href":"https:\/\/weedy.fr\/blog\/wp-json\/wp\/v2\/tags?post=255645"}],"curies":[{"name":"wp","href":"https:\/\/api.w.org\/{rel}","templated":true}]}}