{"id":260983,"date":"2021-10-18T08:00:35","date_gmt":"2021-10-18T07:00:35","guid":{"rendered":"https:\/\/weedy.fr\/?p=260983"},"modified":"2021-10-18T08:00:35","modified_gmt":"2021-10-18T07:00:35","slug":"cbd-et-schizophrenie","status":"publish","type":"post","link":"https:\/\/weedy.fr\/blog\/cbd-et-schizophrenie\/","title":{"rendered":"Mieux vivre avec la schizophr\u00e9nie gr\u00e2ce au CBD : ce que l&rsquo;on sait"},"content":{"rendered":"<p>Environ <strong>600&rsquo;000 fran\u00e7ais souffrent de schizophr\u00e9nie<\/strong>. Chez le grand public, on la confond r\u00e9guli\u00e8rement avec le d\u00e9doublement de la personnalit\u00e9. Dans les sph\u00e8res m\u00e9dicales, si on en comprend mieux les sympt\u00f4mes et facteurs d\u00e9clenchants, elle reste malgr\u00e9 tout <strong>mal connue<\/strong>.<\/p>\n<p>Cons\u00e9quence directe, elle peut \u00eatre difficile \u00e0 diagnostiquer et les traitements actuels sont plus ou moins bien adapt\u00e9s selon les situations, en plus de d\u00e9clencher des effets secondaires parfois violents. Contre toute attente, certaines \u00e9tudes montrent que <strong>le <a href=\"https:\/\/weedy.fr\" data-internallinksmanager029f6b8e52c=\"1\" title=\"CBD - cannabidiol\">CBD<\/a><\/strong>, consomm\u00e9 r\u00e9guli\u00e8rement par des patients atteints de schizophr\u00e9nie, <strong>aide \u00e0 am\u00e9liorer la psychose<\/strong>. Cet article revient sur ce qu\u2019est la maladie, comment elle se manifeste et les espoirs que l\u2019on peut raisonnablement placer dans la prise de <strong><a href=\"https:\/\/weedy.fr\" data-internallinksmanager029f6b8e52c=\"1\" title=\"CBD - cannabidiol\">cannabidiol<\/a> en cas de schizophr\u00e9nie<\/strong>.<\/p>\n<div id=\"ez-toc-container\" class=\"ez-toc-v2_0_80 counter-hierarchy ez-toc-counter ez-toc-grey ez-toc-container-direction\">\n<div class=\"ez-toc-title-container\">\n<p class=\"ez-toc-title\" style=\"cursor:inherit\">Sommaire<\/p>\n<span class=\"ez-toc-title-toggle\"><a href=\"#\" class=\"ez-toc-pull-right ez-toc-btn ez-toc-btn-xs ez-toc-btn-default ez-toc-toggle\" aria-label=\"Toggle Table of Content\"><span class=\"ez-toc-js-icon-con\"><span class=\"\"><span class=\"eztoc-hide\" style=\"display:none;\">Toggle<\/span><span class=\"ez-toc-icon-toggle-span\"><svg style=\"fill: #43b981;color:#43b981\" xmlns=\"http:\/\/www.w3.org\/2000\/svg\" class=\"list-377408\" width=\"20px\" height=\"20px\" viewBox=\"0 0 24 24\" fill=\"none\"><path d=\"M6 6H4v2h2V6zm14 0H8v2h12V6zM4 11h2v2H4v-2zm16 0H8v2h12v-2zM4 16h2v2H4v-2zm16 0H8v2h12v-2z\" fill=\"currentColor\"><\/path><\/svg><svg style=\"fill: #43b981;color:#43b981\" class=\"arrow-unsorted-368013\" xmlns=\"http:\/\/www.w3.org\/2000\/svg\" width=\"10px\" height=\"10px\" viewBox=\"0 0 24 24\" version=\"1.2\" baseProfile=\"tiny\"><path d=\"M18.2 9.3l-6.2-6.3-6.2 6.3c-.2.2-.3.4-.3.7s.1.5.3.7c.2.2.4.3.7.3h11c.3 0 .5-.1.7-.3.2-.2.3-.5.3-.7s-.1-.5-.3-.7zM5.8 14.7l6.2 6.3 6.2-6.3c.2-.2.3-.5.3-.7s-.1-.5-.3-.7c-.2-.2-.4-.3-.7-.3h-11c-.3 0-.5.1-.7.3-.2.2-.3.5-.3.7s.1.5.3.7z\"\/><\/svg><\/span><\/span><\/span><\/a><\/span><\/div>\n<nav><ul class='ez-toc-list ez-toc-list-level-1 ' ><li class='ez-toc-page-1 ez-toc-heading-level-2'><a class=\"ez-toc-link ez-toc-heading-1\" href=\"https:\/\/weedy.fr\/blog\/cbd-et-schizophrenie\/#Schizophrenie_23_millions_de_personnes_concernees_dans_le_monde\" >Schizophr\u00e9nie\u00a0: 23 millions de personnes concern\u00e9es dans le monde<\/a><ul class='ez-toc-list-level-3' ><li class='ez-toc-heading-level-3'><a class=\"ez-toc-link ez-toc-heading-2\" href=\"https:\/\/weedy.fr\/blog\/cbd-et-schizophrenie\/#Symptomes_de_la_schizophrenie\" >Sympt\u00f4mes de la schizophr\u00e9nie<\/a><\/li><\/ul><\/li><li class='ez-toc-page-1 ez-toc-heading-level-2'><a class=\"ez-toc-link ez-toc-heading-3\" href=\"https:\/\/weedy.fr\/blog\/cbd-et-schizophrenie\/#Dou_vient_la_schizophrenie_et_quels_sont_ses_facteurs_aggravants\" >D\u2019o\u00f9 vient la schizophr\u00e9nie et quels sont ses facteurs aggravants\u00a0?<\/a><\/li><li class='ez-toc-page-1 ez-toc-heading-level-2'><a class=\"ez-toc-link ez-toc-heading-4\" href=\"https:\/\/weedy.fr\/blog\/cbd-et-schizophrenie\/#Pourquoi_envisager_le_CBD_si_le_cannabis_favorise_la_schizophrenie\" >Pourquoi envisager le CBD si le cannabis favorise la schizophr\u00e9nie\u00a0?<\/a><\/li><li class='ez-toc-page-1 ez-toc-heading-level-2'><a class=\"ez-toc-link ez-toc-heading-5\" href=\"https:\/\/weedy.fr\/blog\/cbd-et-schizophrenie\/#CBD_et_schizophrenie_ce_que_dit_la_science\" >CBD et schizophr\u00e9nie\u00a0: ce que dit la science<\/a><\/li><li class='ez-toc-page-1 ez-toc-heading-level-2'><a class=\"ez-toc-link ez-toc-heading-6\" href=\"https:\/\/weedy.fr\/blog\/cbd-et-schizophrenie\/#Limites_des_traitements_classiques_et_espoirs_lies_au_CBD\" >Limites des traitements classiques et espoirs li\u00e9s au CBD<\/a><\/li><\/ul><\/nav><\/div>\n<h2><span class=\"ez-toc-section\" id=\"Schizophrenie_23_millions_de_personnes_concernees_dans_le_monde\"><\/span>Schizophr\u00e9nie\u00a0: 23 millions de personnes concern\u00e9es dans le monde<span class=\"ez-toc-section-end\"><\/span><\/h2>\n<figure id=\"attachment_260988\" aria-describedby=\"caption-attachment-260988\" style=\"width: 700px\" class=\"wp-caption aligncenter\"><img fetchpriority=\"high\" decoding=\"async\" class=\"size-full wp-image-260988\" src=\"https:\/\/weedy.fr\/wp-content\/uploads\/2021\/09\/Definition-schizophrenie-min.jpg\" alt=\"d\u00e9finition schizophr\u00e9nie min\" width=\"700\" height=\"466\" \/><figcaption id=\"caption-attachment-260988\" class=\"wp-caption-text\">La schizophr\u00e9nie entra\u00eene une d\u00e9formation de la r\u00e9alit\u00e9 chez celles et ceux qui en souffrent<\/figcaption><\/figure>\n<p>La schizophr\u00e9nie est une <strong>pathologie psychiatrique chronique<\/strong> qui se traduit par une perception de la r\u00e9alit\u00e9 chez le malade. Ces crises peuvent \u00eatre plus ou moins intenses et plus ou moins rapproch\u00e9es. Trouble mental s\u00e9v\u00e8re, la schizophr\u00e9nie apparait le plus souvent entre 15 et 35 ans, avec une tendance \u00e0 se d\u00e9clencher un peu plus tardivement chez les femmes que les hommes. Elle toucherait, selon les chiffres de l\u2019Organisation mondiale pour la sant\u00e9 (OMS), <a href=\"https:\/\/www.who.int\/fr\/news-room\/fact-sheets\/detail\/schizophrenia\" target=\"_blank\" rel=\"noopener\">23 millions de personnes dans le monde<\/a>, dont 600&rsquo;000 en France.<\/p>\n<h3><span class=\"ez-toc-section\" id=\"Symptomes_de_la_schizophrenie\"><\/span>Sympt\u00f4mes de la schizophr\u00e9nie<span class=\"ez-toc-section-end\"><\/span><\/h3>\n<p>La schizophr\u00e9nie se manifeste par trois types de sympt\u00f4mes distinctifs\u00a0:<\/p>\n<ul>\n<li><strong>Sympt\u00f4mes productifs<\/strong>: d\u00e9lires, hallucinations, parano\u00efa.<\/li>\n<li><strong>Sympt\u00f4mes d\u00e9ficitaires<\/strong>: mise en retrait et isolement social, apathie (similaire \u00e0 une d\u00e9pression).<\/li>\n<li><strong>Sympt\u00f4mes dissociatifs<\/strong>: perte de coh\u00e9rence, difficult\u00e9s \u00e0 communiquer, se concentrer, r\u00e9aliser des t\u00e2ches simples.<\/li>\n<\/ul>\n<p>On \u00e9voque souvent \u00e0 tort la dangerosit\u00e9 des patients souffrant de schizophr\u00e9nie. En fait, dans la grande majorit\u00e9 des cas, ils sont <strong>avant tout dangereux pour eux-m\u00eames<\/strong>. Les acc\u00e8s de violence au cours d\u2019une crise sont ainsi rares, surtout envers une autre personne. Malheureusement, environ la moiti\u00e9 des patients schizophr\u00e9niques font une tentative de suicide \u00e0 un moment ou un autre, soulignant la difficult\u00e9 \u00e0 vivre avec la maladie.<\/p>\n<h2><span class=\"ez-toc-section\" id=\"Dou_vient_la_schizophrenie_et_quels_sont_ses_facteurs_aggravants\"><\/span>D\u2019o\u00f9 vient la schizophr\u00e9nie et quels sont ses facteurs aggravants\u00a0?<span class=\"ez-toc-section-end\"><\/span><\/h2>\n<figure id=\"attachment_260986\" aria-describedby=\"caption-attachment-260986\" style=\"width: 700px\" class=\"wp-caption aligncenter\"><img decoding=\"async\" class=\"size-full wp-image-260986\" src=\"https:\/\/weedy.fr\/wp-content\/uploads\/2021\/09\/Cannabis-THC-facteur-aggravant-schizophrenie-min.jpg\" alt=\"cannabis thc facteur aggravant schizophr\u00e9nie min\" width=\"700\" height=\"460\" \/><figcaption id=\"caption-attachment-260986\" class=\"wp-caption-text\">Consommer du cannabis THC jeune augmente le risque de schizophr\u00e9nie<\/figcaption><\/figure>\n<p>Les causes exactes de la schizophr\u00e9nie sont difficiles \u00e0 identifier. Pour autant, elle semble reposer sur un <strong>terrain g\u00e9n\u00e9tique<\/strong>, encourag\u00e9 par des <strong>facteurs environnementaux<\/strong>. Ces derniers sont difficiles \u00e0 d\u00e9terminer et, au-del\u00e0 de leur identification, il est encore plus difficile de comprendre leur part de responsabilit\u00e9 dans le d\u00e9clenchement et l\u2019\u00e9volution de la maladie. Il semble cependant clair que <strong>l\u2019adolescence est une p\u00e9riode cl\u00e9<\/strong>.<\/p>\n<p>Parmi tous les facteurs pressentis, deux sont syst\u00e9matiquement \u00e9voqu\u00e9s comme aggravants\u00a0:<\/p>\n<ul>\n<li>Le <strong>stress<\/strong>,<\/li>\n<li>La <strong>consommation de cannabis <\/strong>(comprenez de <a href=\"https:\/\/weedy.fr\/quest-ce-que-le-thc\">THC<\/a>).<\/li>\n<\/ul>\n<p>Dans les deux cas, le m\u00e9canisme est le m\u00eame\u00a0: stress et THC alt\u00e8rent certains m\u00e9canismes du cerveau, favorisant le d\u00e9clenchement de la pathologie. Le constat est clair\u00a0: <strong>la consommation de cannabis riche en THC doublerait le risque de schizophr\u00e9nie<\/strong>, surtout pour les gros consommateurs et lorsque cette consommation a lieu avant 15 ans. Ainsi, une \u00e9tude am\u00e9ricaine a montr\u00e9 qu\u2019un tiers des individus souffrant de psychose avaient consomm\u00e9 du THC au cours de l\u2019ann\u00e9e pr\u00e9c\u00e9dente, contre seulement 4% dans la population totale.<\/p>\n<p>Concevoir un traitement contre la schizophr\u00e9nie \u00e0 base de <a href=\"https:\/\/weedy.fr\" data-internallinksmanager029f6b8e52c=\"1\" title=\"CBD - cannabidiol\">CBD<\/a> peut alors paraitre paradoxal, la mol\u00e9cule \u00e9tant extraite de cannabis l\u00e9gal.<\/p>\n<h2><span class=\"ez-toc-section\" id=\"Pourquoi_envisager_le_CBD_si_le_cannabis_favorise_la_schizophrenie\"><\/span>Pourquoi envisager le CBD si le cannabis favorise la schizophr\u00e9nie\u00a0?<span class=\"ez-toc-section-end\"><\/span><\/h2>\n<p>Il est ici utile de rappeler que le CBD n\u2019est ni du cannabis, ni du THC. Au contraire, il est reconnu comme <a href=\"https:\/\/weedy.fr\/blog\/differences-entre-cbd-thc\/\"><strong>un antagoniste du THC<\/strong><\/a>, le rendant ainsi responsable \u00e0 de nombreux niveaux d\u2019effets contraires \u00e0 ceux de la mol\u00e9cule psychoactive du cannabis. Il <strong>ne perturbe ainsi notamment pas la maturation c\u00e9r\u00e9brale<\/strong>.<\/p>\n<p>Plus pr\u00e9cis\u00e9ment, il est utile de rappeler que le CBD\u00a0:<\/p>\n<ul>\n<li>N\u2019est pas psychoactif (il ne fait pas planer et n\u2019entra\u00eene pas de risque d\u2019addiction).<\/li>\n<li>Contre les effets du THC.<\/li>\n<li>Active d\u2019autres zones du cerveau.<\/li>\n<\/ul>\n<p>Ce que le THC peut empirer, le CBD pourrait donc am\u00e9liorer. C\u2019est en tout cas le postulat de d\u00e9part de nombreux scientifiques s\u2019int\u00e9ressant au double th\u00e8me du <strong>CBD et de la schizophr\u00e9nie.<\/strong><\/p>\n<h2><span class=\"ez-toc-section\" id=\"CBD_et_schizophrenie_ce_que_dit_la_science\"><\/span>CBD et schizophr\u00e9nie\u00a0: ce que dit la science<span class=\"ez-toc-section-end\"><\/span><\/h2>\n<figure id=\"attachment_260987\" aria-describedby=\"caption-attachment-260987\" style=\"width: 700px\" class=\"wp-caption aligncenter\"><img decoding=\"async\" class=\"size-full wp-image-260987\" src=\"https:\/\/weedy.fr\/wp-content\/uploads\/2021\/09\/CBD-reduit-symptomes-schizophreniques-min.jpg\" alt=\"cbd r\u00e9duit sympt\u00f4mes schizophr\u00e9niques min\" width=\"700\" height=\"466\" \/><figcaption id=\"caption-attachment-260987\" class=\"wp-caption-text\">Consommer de <a href=\"https:\/\/weedy.fr\/product-category\/huiles-cbd\/\">l\u2019huile de CBD<\/a> permettrait de diminuer les sympt\u00f4mes de la schizophr\u00e9nie<\/figcaption><\/figure>\n<p>La recherche n\u2019est ici qu\u2019\u00e0 un stade relativement pr\u00e9coce et doit bien s\u00fbr encore approfondir les connaissances sur le CBD associ\u00e9 aux sympt\u00f4mes de la schizophr\u00e9nie. N\u00e9anmoins, deux \u00e9tudes en particulier ont attir\u00e9 notre attention.<\/p>\n<ol>\n<li><a href=\"https:\/\/ajp.psychiatryonline.org\/doi\/10.1176\/appi.ajp.2017.17030325?url_ver=Z39.88-2003&amp;rfr_id=ori%3Arid%3Acrossref.org&amp;rfr_dat=cr_pub++0pubmed&amp;\" target=\"_blank\" rel=\"noopener\">\u00c9tude 1<\/a>: associ\u00e9 \u00e0 un traitement classique, <strong>le CBD permet de diminuer les sympt\u00f4mes psychotiques de la schizophr\u00e9nie<\/strong>, offrant de bien meilleures am\u00e9liorations que chez le groupe trait\u00e9 avec un placebo.<\/li>\n<li><a href=\"https:\/\/www.nature.com\/articles\/tp201215\" target=\"_blank\" rel=\"noopener\">\u00c9tude 2<\/a>: en comparaison directe, <strong>le CBD offre des r\u00e9sultats comparables \u00e0 ceux d\u2019un m\u00e9dicament antipsychotique classique <\/strong>(l\u2019Amisulpride), avec en plus une <strong>meilleure tol\u00e9rance<\/strong> (moins d\u2019effets secondaires).<\/li>\n<\/ol>\n<h2><span class=\"ez-toc-section\" id=\"Limites_des_traitements_classiques_et_espoirs_lies_au_CBD\"><\/span>Limites des traitements classiques et espoirs li\u00e9s au CBD<span class=\"ez-toc-section-end\"><\/span><\/h2>\n<p>L\u2019OMS estime que <strong>plus de la moiti\u00e9 des schizophr\u00e8nes ne b\u00e9n\u00e9ficient pas de soins appropri\u00e9s<\/strong>. Un chiffre alarmant qui s\u2019ajoute au fait que 90% des cas de schizophr\u00e9nie restent non-trait\u00e9s dans les pays \u00e0 revenu faible ou interm\u00e9diaire. Autre probl\u00e8me, les antipsychotiques classiques s\u2019accompagnent d\u2019effets secondaires souvent lourds \u00e0 supporter au quotidien. Cela inclut notamment la <strong>prise de poids<\/strong>, la <strong>dyskin\u00e9sie<\/strong> (mouvements anormaux caus\u00e9s par un dysfonctionnement de l\u2019activit\u00e9 musculaire) ou des <strong>probl\u00e8mes li\u00e9s \u00e0 l\u2019activit\u00e9 sexuelle<\/strong>. Tant et si bien que de nombreux patients schizophr\u00e9niques en viennent \u00e0 <strong>stopper leur traitement<\/strong>.<\/p>\n<p>En plus de son action sur notre <a href=\"https:\/\/weedy.fr\/blog\/systeme-endocannabinoide-definition\/\">syst\u00e8me endocannabino\u00efde<\/a> (li\u00e9 \u00e0 nos syst\u00e8mes nerveux et immunitaire), le CBD a une <strong>action directe sur l\u2019enzyme charg\u00e9e de d\u00e9grader l\u2019anandamide<\/strong>, un lipide jouant un r\u00f4le direct dans la perception de la douleur, dans l\u2019anxi\u00e9t\u00e9 et la d\u00e9pression. Or, plus les niveaux d\u2019anandamide sont \u00e9lev\u00e9s chez les patients schizophr\u00e8nes, et moins leurs sympt\u00f4mes sont intenses. En permettant de conserver un bon niveau d\u2019anandamide, <strong>le CBD agit donc comme un antipsychotique<\/strong>, \u00e0 ceci pr\u00e8s qu\u2019il entra\u00eene moins d\u2019<a href=\"https:\/\/weedy.fr\/blog\/les-effets-secondaires-du-cannabis\/\">effets ind\u00e9sirables<\/a>, et repr\u00e9sente ainsi un <strong>espoir de traitement r\u00e9el<\/strong>.<\/p>\n","protected":false},"excerpt":{"rendered":"<p>Environ 600&rsquo;000 fran\u00e7ais souffrent de schizophr\u00e9nie. Chez le grand public, on la confond r\u00e9guli\u00e8rement avec le d\u00e9doublement de la personnalit\u00e9. Dans les sph\u00e8res m\u00e9dicales, si on en comprend mieux les sympt\u00f4mes et facteurs d\u00e9clenchants, elle reste malgr\u00e9 tout mal connue. Cons\u00e9quence directe, elle peut \u00eatre difficile \u00e0 diagnostiquer et les traitements actuels sont plus ou [&hellip;]<\/p>\n","protected":false},"author":41,"featured_media":260987,"comment_status":"closed","ping_status":"closed","sticky":false,"template":"","format":"standard","meta":{"_sitemap_exclude":false,"_sitemap_priority":"","_sitemap_frequency":"","footnotes":""},"categories":[364],"tags":[],"class_list":["post-260983","post","type-post","status-publish","format-standard","has-post-thumbnail","hentry","category-sante-cbd"],"yoast_head":"<!-- This site is optimized with the Yoast SEO Premium plugin v26.9 (Yoast SEO v26.9) - https:\/\/yoast.com\/product\/yoast-seo-premium-wordpress\/ -->\n<title>Mieux vivre avec la schizophr\u00e9nie gr\u00e2ce au CBD : ce que l&#039;on sait - Actualit\u00e9s CBD Blog - Weedy.fr<\/title>\n<meta name=\"robots\" content=\"index, follow, max-snippet:-1, max-image-preview:large, max-video-preview:-1\" \/>\n<link rel=\"canonical\" href=\"https:\/\/weedy.fr\/blog\/cbd-et-schizophrenie\/\" \/>\n<meta property=\"og:locale\" content=\"fr_FR\" \/>\n<meta property=\"og:type\" content=\"article\" \/>\n<meta property=\"og:title\" content=\"\ud83c\udf31Mieux vivre avec la schizophr\u00e9nie gr\u00e2ce au CBD : ce que l&#039;on sait - Weedy.Fr\ud83c\udf31\" \/>\n<meta property=\"og:description\" content=\"Environ 600&rsquo;000 fran\u00e7ais souffrent de schizophr\u00e9nie. Chez le grand public, on la confond r\u00e9guli\u00e8rement avec le d\u00e9doublement de la personnalit\u00e9. Dans les sph\u00e8res m\u00e9dicales, si on en comprend mieux les sympt\u00f4mes et facteurs d\u00e9clenchants, elle reste malgr\u00e9 tout mal connue. Cons\u00e9quence directe, elle peut \u00eatre difficile \u00e0 diagnostiquer et les traitements actuels sont plus ou [&hellip;]\" \/>\n<meta property=\"og:url\" content=\"https:\/\/weedy.fr\/blog\/cbd-et-schizophrenie\/\" \/>\n<meta property=\"og:site_name\" content=\"Actualit\u00e9s CBD Blog - Weedy.fr\" \/>\n<meta property=\"article:publisher\" content=\"https:\/\/www.facebook.com\/weedysocial\" \/>\n<meta property=\"article:author\" content=\"https:\/\/www.facebook.com\/weedysocial\/\" \/>\n<meta property=\"article:published_time\" content=\"2021-10-18T07:00:35+00:00\" \/>\n<meta property=\"og:image\" content=\"https:\/\/weedy.fr\/blog\/wp-content\/uploads\/2024\/05\/logo-carre.jpg\" \/>\n\t<meta property=\"og:image:width\" content=\"582\" \/>\n\t<meta property=\"og:image:height\" content=\"582\" \/>\n\t<meta property=\"og:image:type\" content=\"image\/jpeg\" \/>\n<meta name=\"author\" content=\"Julien Cordobes\" \/>\n<meta name=\"twitter:card\" content=\"summary_large_image\" \/>\n<meta name=\"twitter:label1\" content=\"\u00c9crit par\" \/>\n\t<meta name=\"twitter:data1\" content=\"Julien Cordobes\" \/>\n<script type=\"application\/ld+json\" class=\"yoast-schema-graph\">{\"@context\":\"https:\/\/schema.org\",\"@graph\":[{\"@type\":\"Article\",\"@id\":\"https:\/\/weedy.fr\/blog\/cbd-et-schizophrenie\/#article\",\"isPartOf\":{\"@id\":\"https:\/\/weedy.fr\/blog\/cbd-et-schizophrenie\/\"},\"author\":{\"name\":\"Julien Cordobes\",\"@id\":\"https:\/\/weedy.fr\/blog\/#\/schema\/person\/72583fcd87d7cf46afe11d530945bc7e\"},\"headline\":\"Mieux vivre avec la schizophr\u00e9nie gr\u00e2ce au CBD : ce que l&rsquo;on sait\",\"datePublished\":\"2021-10-18T07:00:35+00:00\",\"mainEntityOfPage\":{\"@id\":\"https:\/\/weedy.fr\/blog\/cbd-et-schizophrenie\/\"},\"wordCount\":1157,\"publisher\":{\"@id\":\"https:\/\/weedy.fr\/blog\/#organization\"},\"image\":{\"@id\":\"https:\/\/weedy.fr\/blog\/cbd-et-schizophrenie\/#primaryimage\"},\"thumbnailUrl\":\"\",\"articleSection\":[\"Sant\u00e9 &amp; Bien-\u00eatre\"],\"inLanguage\":\"fr-FR\"},{\"@type\":\"WebPage\",\"@id\":\"https:\/\/weedy.fr\/blog\/cbd-et-schizophrenie\/\",\"url\":\"https:\/\/weedy.fr\/blog\/cbd-et-schizophrenie\/\",\"name\":\"Mieux vivre avec la schizophr\u00e9nie gr\u00e2ce au CBD : ce que l'on sait - Actualit\u00e9s CBD Blog - Weedy.fr\",\"isPartOf\":{\"@id\":\"https:\/\/weedy.fr\/blog\/#website\"},\"primaryImageOfPage\":{\"@id\":\"https:\/\/weedy.fr\/blog\/cbd-et-schizophrenie\/#primaryimage\"},\"image\":{\"@id\":\"https:\/\/weedy.fr\/blog\/cbd-et-schizophrenie\/#primaryimage\"},\"thumbnailUrl\":\"\",\"datePublished\":\"2021-10-18T07:00:35+00:00\",\"breadcrumb\":{\"@id\":\"https:\/\/weedy.fr\/blog\/cbd-et-schizophrenie\/#breadcrumb\"},\"inLanguage\":\"fr-FR\",\"potentialAction\":[{\"@type\":\"ReadAction\",\"target\":[\"https:\/\/weedy.fr\/blog\/cbd-et-schizophrenie\/\"]}]},{\"@type\":\"ImageObject\",\"inLanguage\":\"fr-FR\",\"@id\":\"https:\/\/weedy.fr\/blog\/cbd-et-schizophrenie\/#primaryimage\",\"url\":\"\",\"contentUrl\":\"\"},{\"@type\":\"BreadcrumbList\",\"@id\":\"https:\/\/weedy.fr\/blog\/cbd-et-schizophrenie\/#breadcrumb\",\"itemListElement\":[{\"@type\":\"ListItem\",\"position\":1,\"name\":\"CBD Blog\",\"item\":\"https:\/\/weedy.fr\/blog\/\"},{\"@type\":\"ListItem\",\"position\":2,\"name\":\"Culture du CBD\",\"item\":\"https:\/\/weedy.fr\/blog\/category\/culture-cbd\/\"},{\"@type\":\"ListItem\",\"position\":3,\"name\":\"Sant\u00e9 &amp; Bien-\u00eatre\",\"item\":\"https:\/\/weedy.fr\/blog\/category\/culture-cbd\/sante-cbd\/\"},{\"@type\":\"ListItem\",\"position\":4,\"name\":\"Mieux vivre avec la schizophr\u00e9nie gr\u00e2ce au CBD : ce que l&#8217;on sait\"}]},{\"@type\":\"WebSite\",\"@id\":\"https:\/\/weedy.fr\/blog\/#website\",\"url\":\"https:\/\/weedy.fr\/blog\/\",\"name\":\"Actualit\u00e9s CBD Blog - Weedy.fr\",\"description\":\"Le meilleur de l&#039;actualit\u00e9 du CBD et du chanvre en France\",\"publisher\":{\"@id\":\"https:\/\/weedy.fr\/blog\/#organization\"},\"alternateName\":\"Weedy.fr\",\"potentialAction\":[{\"@type\":\"SearchAction\",\"target\":{\"@type\":\"EntryPoint\",\"urlTemplate\":\"https:\/\/weedy.fr\/blog\/?s={search_term_string}\"},\"query-input\":{\"@type\":\"PropertyValueSpecification\",\"valueRequired\":true,\"valueName\":\"search_term_string\"}}],\"inLanguage\":\"fr-FR\"},{\"@type\":\"Organization\",\"@id\":\"https:\/\/weedy.fr\/blog\/#organization\",\"name\":\"Weedy.fr\",\"alternateName\":\"Weedy.fr\",\"url\":\"https:\/\/weedy.fr\/blog\/\",\"logo\":{\"@type\":\"ImageObject\",\"inLanguage\":\"fr-FR\",\"@id\":\"https:\/\/weedy.fr\/blog\/#\/schema\/logo\/image\/\",\"url\":\"https:\/\/weedy.fr\/blog\/wp-content\/uploads\/2024\/05\/logo-carre.jpg\",\"contentUrl\":\"https:\/\/weedy.fr\/blog\/wp-content\/uploads\/2024\/05\/logo-carre.jpg\",\"width\":582,\"height\":582,\"caption\":\"Weedy.fr\"},\"image\":{\"@id\":\"https:\/\/weedy.fr\/blog\/#\/schema\/logo\/image\/\"},\"sameAs\":[\"https:\/\/www.facebook.com\/weedysocial\",\"https:\/\/www.instagram.com\/weedyfrance\/\"],\"description\":\"Leader en france sur la vente de produits \u00e0 base de CBD\",\"email\":\"support@weedy.fr\",\"telephone\":\"0187651030\",\"legalName\":\"Weedy.fr\"},{\"@type\":\"Person\",\"@id\":\"https:\/\/weedy.fr\/blog\/#\/schema\/person\/72583fcd87d7cf46afe11d530945bc7e\",\"name\":\"Julien Cordobes\",\"image\":{\"@type\":\"ImageObject\",\"inLanguage\":\"fr-FR\",\"@id\":\"https:\/\/weedy.fr\/blog\/#\/schema\/person\/image\/\",\"url\":\"https:\/\/secure.gravatar.com\/avatar\/39c7124515a22e18b96324fe7087f17d145ba095086413a586717853860bd09b?s=96&d=mm&r=g\",\"contentUrl\":\"https:\/\/secure.gravatar.com\/avatar\/39c7124515a22e18b96324fe7087f17d145ba095086413a586717853860bd09b?s=96&d=mm&r=g\",\"caption\":\"Julien Cordobes\"},\"description\":\"R\u00e9dacteur en chef sp\u00e9cialis\u00e9 en CBD Julien, n\u00e9 le 17 juillet 1978 en r\u00e9gion Parisienne, est un \u00e9minent r\u00e9dacteur et expert dans le domaine des produits \u00e0 base de CBD. Suite \u00e0 ses \u00e9tudes en biologie et en m\u00e9decine alternative, Julien a d\u00e9velopp\u00e9 une passion pour les rem\u00e8des naturels, dont le CBD. En 2022, il int\u00e8gre l\u2019\u00e9quipe du site Weedy.fr en qualit\u00e9 d\u2019expert et de contributeur r\u00e9gulier. Gr\u00e2ce \u00e0 son expertise scientifique et une \u00e9criture claire, Julien aide \u00e0 d\u00e9mystifier les aspects complexes du CBD, tout en mettant en lumi\u00e8re ses bienfaits et applications potentielles \u00e0 travers ses articles et participations \u00e0 des conf\u00e9rences.\",\"sameAs\":[\"https:\/\/weedy.fr\",\"https:\/\/www.facebook.com\/weedysocial\/\",\"https:\/\/www.instagram.com\/weedyfrance\",\"https:\/\/www.pinterest.fr\/WeedyFrance\/\"],\"honorificPrefix\":\"Mr\",\"birthDate\":\"1978-07-17\",\"gender\":\"male\",\"knowsAbout\":[\"CBD\",\"Cannabis\",\"Copywriter\"],\"knowsLanguage\":[\"French\"],\"jobTitle\":\"Editor-in-chief specializing in CBD\",\"worksFor\":\"Weedy.fr\",\"url\":\"https:\/\/weedy.fr\/blog\/author\/cbd_blog_owner\/\"}]}<\/script>\n<!-- \/ Yoast SEO Premium plugin. -->","yoast_head_json":{"title":"Mieux vivre avec la schizophr\u00e9nie gr\u00e2ce au CBD : ce que l'on sait - Actualit\u00e9s CBD Blog - Weedy.fr","robots":{"index":"index","follow":"follow","max-snippet":"max-snippet:-1","max-image-preview":"max-image-preview:large","max-video-preview":"max-video-preview:-1"},"canonical":"https:\/\/weedy.fr\/blog\/cbd-et-schizophrenie\/","og_locale":"fr_FR","og_type":"article","og_title":"\ud83c\udf31Mieux vivre avec la schizophr\u00e9nie gr\u00e2ce au CBD : ce que l'on sait - Weedy.Fr\ud83c\udf31","og_description":"Environ 600&rsquo;000 fran\u00e7ais souffrent de schizophr\u00e9nie. Chez le grand public, on la confond r\u00e9guli\u00e8rement avec le d\u00e9doublement de la personnalit\u00e9. Dans les sph\u00e8res m\u00e9dicales, si on en comprend mieux les sympt\u00f4mes et facteurs d\u00e9clenchants, elle reste malgr\u00e9 tout mal connue. Cons\u00e9quence directe, elle peut \u00eatre difficile \u00e0 diagnostiquer et les traitements actuels sont plus ou [&hellip;]","og_url":"https:\/\/weedy.fr\/blog\/cbd-et-schizophrenie\/","og_site_name":"Actualit\u00e9s CBD Blog - Weedy.fr","article_publisher":"https:\/\/www.facebook.com\/weedysocial","article_author":"https:\/\/www.facebook.com\/weedysocial\/","article_published_time":"2021-10-18T07:00:35+00:00","og_image":[{"width":582,"height":582,"url":"https:\/\/weedy.fr\/blog\/wp-content\/uploads\/2024\/05\/logo-carre.jpg","type":"image\/jpeg"}],"author":"Julien Cordobes","twitter_card":"summary_large_image","twitter_misc":{"\u00c9crit par":"Julien Cordobes"},"schema":{"@context":"https:\/\/schema.org","@graph":[{"@type":"Article","@id":"https:\/\/weedy.fr\/blog\/cbd-et-schizophrenie\/#article","isPartOf":{"@id":"https:\/\/weedy.fr\/blog\/cbd-et-schizophrenie\/"},"author":{"name":"Julien Cordobes","@id":"https:\/\/weedy.fr\/blog\/#\/schema\/person\/72583fcd87d7cf46afe11d530945bc7e"},"headline":"Mieux vivre avec la schizophr\u00e9nie gr\u00e2ce au CBD : ce que l&rsquo;on sait","datePublished":"2021-10-18T07:00:35+00:00","mainEntityOfPage":{"@id":"https:\/\/weedy.fr\/blog\/cbd-et-schizophrenie\/"},"wordCount":1157,"publisher":{"@id":"https:\/\/weedy.fr\/blog\/#organization"},"image":{"@id":"https:\/\/weedy.fr\/blog\/cbd-et-schizophrenie\/#primaryimage"},"thumbnailUrl":"","articleSection":["Sant\u00e9 &amp; Bien-\u00eatre"],"inLanguage":"fr-FR"},{"@type":"WebPage","@id":"https:\/\/weedy.fr\/blog\/cbd-et-schizophrenie\/","url":"https:\/\/weedy.fr\/blog\/cbd-et-schizophrenie\/","name":"Mieux vivre avec la schizophr\u00e9nie gr\u00e2ce au CBD : ce que l'on sait - Actualit\u00e9s CBD Blog - Weedy.fr","isPartOf":{"@id":"https:\/\/weedy.fr\/blog\/#website"},"primaryImageOfPage":{"@id":"https:\/\/weedy.fr\/blog\/cbd-et-schizophrenie\/#primaryimage"},"image":{"@id":"https:\/\/weedy.fr\/blog\/cbd-et-schizophrenie\/#primaryimage"},"thumbnailUrl":"","datePublished":"2021-10-18T07:00:35+00:00","breadcrumb":{"@id":"https:\/\/weedy.fr\/blog\/cbd-et-schizophrenie\/#breadcrumb"},"inLanguage":"fr-FR","potentialAction":[{"@type":"ReadAction","target":["https:\/\/weedy.fr\/blog\/cbd-et-schizophrenie\/"]}]},{"@type":"ImageObject","inLanguage":"fr-FR","@id":"https:\/\/weedy.fr\/blog\/cbd-et-schizophrenie\/#primaryimage","url":"","contentUrl":""},{"@type":"BreadcrumbList","@id":"https:\/\/weedy.fr\/blog\/cbd-et-schizophrenie\/#breadcrumb","itemListElement":[{"@type":"ListItem","position":1,"name":"CBD Blog","item":"https:\/\/weedy.fr\/blog\/"},{"@type":"ListItem","position":2,"name":"Culture du CBD","item":"https:\/\/weedy.fr\/blog\/category\/culture-cbd\/"},{"@type":"ListItem","position":3,"name":"Sant\u00e9 &amp; Bien-\u00eatre","item":"https:\/\/weedy.fr\/blog\/category\/culture-cbd\/sante-cbd\/"},{"@type":"ListItem","position":4,"name":"Mieux vivre avec la schizophr\u00e9nie gr\u00e2ce au CBD : ce que l&#8217;on sait"}]},{"@type":"WebSite","@id":"https:\/\/weedy.fr\/blog\/#website","url":"https:\/\/weedy.fr\/blog\/","name":"Actualit\u00e9s CBD Blog - Weedy.fr","description":"Le meilleur de l&#039;actualit\u00e9 du CBD et du chanvre en France","publisher":{"@id":"https:\/\/weedy.fr\/blog\/#organization"},"alternateName":"Weedy.fr","potentialAction":[{"@type":"SearchAction","target":{"@type":"EntryPoint","urlTemplate":"https:\/\/weedy.fr\/blog\/?s={search_term_string}"},"query-input":{"@type":"PropertyValueSpecification","valueRequired":true,"valueName":"search_term_string"}}],"inLanguage":"fr-FR"},{"@type":"Organization","@id":"https:\/\/weedy.fr\/blog\/#organization","name":"Weedy.fr","alternateName":"Weedy.fr","url":"https:\/\/weedy.fr\/blog\/","logo":{"@type":"ImageObject","inLanguage":"fr-FR","@id":"https:\/\/weedy.fr\/blog\/#\/schema\/logo\/image\/","url":"https:\/\/weedy.fr\/blog\/wp-content\/uploads\/2024\/05\/logo-carre.jpg","contentUrl":"https:\/\/weedy.fr\/blog\/wp-content\/uploads\/2024\/05\/logo-carre.jpg","width":582,"height":582,"caption":"Weedy.fr"},"image":{"@id":"https:\/\/weedy.fr\/blog\/#\/schema\/logo\/image\/"},"sameAs":["https:\/\/www.facebook.com\/weedysocial","https:\/\/www.instagram.com\/weedyfrance\/"],"description":"Leader en france sur la vente de produits \u00e0 base de CBD","email":"support@weedy.fr","telephone":"0187651030","legalName":"Weedy.fr"},{"@type":"Person","@id":"https:\/\/weedy.fr\/blog\/#\/schema\/person\/72583fcd87d7cf46afe11d530945bc7e","name":"Julien Cordobes","image":{"@type":"ImageObject","inLanguage":"fr-FR","@id":"https:\/\/weedy.fr\/blog\/#\/schema\/person\/image\/","url":"https:\/\/secure.gravatar.com\/avatar\/39c7124515a22e18b96324fe7087f17d145ba095086413a586717853860bd09b?s=96&d=mm&r=g","contentUrl":"https:\/\/secure.gravatar.com\/avatar\/39c7124515a22e18b96324fe7087f17d145ba095086413a586717853860bd09b?s=96&d=mm&r=g","caption":"Julien Cordobes"},"description":"R\u00e9dacteur en chef sp\u00e9cialis\u00e9 en CBD Julien, n\u00e9 le 17 juillet 1978 en r\u00e9gion Parisienne, est un \u00e9minent r\u00e9dacteur et expert dans le domaine des produits \u00e0 base de CBD. Suite \u00e0 ses \u00e9tudes en biologie et en m\u00e9decine alternative, Julien a d\u00e9velopp\u00e9 une passion pour les rem\u00e8des naturels, dont le CBD. En 2022, il int\u00e8gre l\u2019\u00e9quipe du site Weedy.fr en qualit\u00e9 d\u2019expert et de contributeur r\u00e9gulier. Gr\u00e2ce \u00e0 son expertise scientifique et une \u00e9criture claire, Julien aide \u00e0 d\u00e9mystifier les aspects complexes du CBD, tout en mettant en lumi\u00e8re ses bienfaits et applications potentielles \u00e0 travers ses articles et participations \u00e0 des conf\u00e9rences.","sameAs":["https:\/\/weedy.fr","https:\/\/www.facebook.com\/weedysocial\/","https:\/\/www.instagram.com\/weedyfrance","https:\/\/www.pinterest.fr\/WeedyFrance\/"],"honorificPrefix":"Mr","birthDate":"1978-07-17","gender":"male","knowsAbout":["CBD","Cannabis","Copywriter"],"knowsLanguage":["French"],"jobTitle":"Editor-in-chief specializing in CBD","worksFor":"Weedy.fr","url":"https:\/\/weedy.fr\/blog\/author\/cbd_blog_owner\/"}]}},"_links":{"self":[{"href":"https:\/\/weedy.fr\/blog\/wp-json\/wp\/v2\/posts\/260983","targetHints":{"allow":["GET"]}}],"collection":[{"href":"https:\/\/weedy.fr\/blog\/wp-json\/wp\/v2\/posts"}],"about":[{"href":"https:\/\/weedy.fr\/blog\/wp-json\/wp\/v2\/types\/post"}],"author":[{"embeddable":true,"href":"https:\/\/weedy.fr\/blog\/wp-json\/wp\/v2\/users\/41"}],"replies":[{"embeddable":true,"href":"https:\/\/weedy.fr\/blog\/wp-json\/wp\/v2\/comments?post=260983"}],"version-history":[{"count":0,"href":"https:\/\/weedy.fr\/blog\/wp-json\/wp\/v2\/posts\/260983\/revisions"}],"wp:featuredmedia":[{"embeddable":true,"href":"https:\/\/weedy.fr\/blog\/wp-json\/"}],"wp:attachment":[{"href":"https:\/\/weedy.fr\/blog\/wp-json\/wp\/v2\/media?parent=260983"}],"wp:term":[{"taxonomy":"category","embeddable":true,"href":"https:\/\/weedy.fr\/blog\/wp-json\/wp\/v2\/categories?post=260983"},{"taxonomy":"post_tag","embeddable":true,"href":"https:\/\/weedy.fr\/blog\/wp-json\/wp\/v2\/tags?post=260983"}],"curies":[{"name":"wp","href":"https:\/\/api.w.org\/{rel}","templated":true}]}}