{"id":311272,"date":"2022-06-16T08:00:48","date_gmt":"2022-06-16T06:00:48","guid":{"rendered":"https:\/\/weedy.fr\/?p=311272"},"modified":"2024-03-04T09:21:08","modified_gmt":"2024-03-04T08:21:08","slug":"alzheimer-cbd","status":"publish","type":"post","link":"https:\/\/weedy.fr\/blog\/alzheimer-cbd\/","title":{"rendered":"Alzheimer &#038; CBD : peut-il soulager les sympt\u00f4mes de la maladie ?"},"content":{"rendered":"<p>Le <strong><a href=\"https:\/\/weedy.fr\" data-internallinksmanager029f6b8e52c=\"1\" title=\"CBD - cannabidiol\">cannabidiol<\/a><\/strong>, ou <a href=\"https:\/\/weedy.fr\" data-internallinksmanager029f6b8e52c=\"1\" title=\"CBD - cannabidiol\">CBD<\/a>, est un neuroprotecteur reconnu. La <strong>maladie d\u2019Alzheimer<\/strong> entrainant la mort des neurones, l\u2019int\u00e9r\u00eat du <a href=\"https:\/\/weedy.fr\" data-internallinksmanager029f6b8e52c=\"1\" title=\"CBD - cannabidiol\">CBD<\/a> pour soulager ses sympt\u00f4mes semble \u00e9vident. Pourtant, la litt\u00e9rature scientifique sur le sujet est encore maigre et il reste difficile de conna\u00eetre ses effets exacts. Alors, le CBD peut-il <strong>soulager les sympt\u00f4mes d\u2019Alzheimer<\/strong> et, ce faisant, <strong>limiter la perte d\u2019autonomie<\/strong> des malades\u00a0? C\u2019est notre sujet du jour.<\/p>\n<div id=\"ez-toc-container\" class=\"ez-toc-v2_0_80 counter-hierarchy ez-toc-counter ez-toc-grey ez-toc-container-direction\">\n<div class=\"ez-toc-title-container\">\n<p class=\"ez-toc-title\" style=\"cursor:inherit\">Sommaire<\/p>\n<span class=\"ez-toc-title-toggle\"><a href=\"#\" class=\"ez-toc-pull-right ez-toc-btn ez-toc-btn-xs ez-toc-btn-default ez-toc-toggle\" aria-label=\"Toggle Table of Content\"><span class=\"ez-toc-js-icon-con\"><span class=\"\"><span class=\"eztoc-hide\" style=\"display:none;\">Toggle<\/span><span class=\"ez-toc-icon-toggle-span\"><svg style=\"fill: #43b981;color:#43b981\" xmlns=\"http:\/\/www.w3.org\/2000\/svg\" class=\"list-377408\" width=\"20px\" height=\"20px\" viewBox=\"0 0 24 24\" fill=\"none\"><path d=\"M6 6H4v2h2V6zm14 0H8v2h12V6zM4 11h2v2H4v-2zm16 0H8v2h12v-2zM4 16h2v2H4v-2zm16 0H8v2h12v-2z\" fill=\"currentColor\"><\/path><\/svg><svg style=\"fill: #43b981;color:#43b981\" class=\"arrow-unsorted-368013\" xmlns=\"http:\/\/www.w3.org\/2000\/svg\" width=\"10px\" height=\"10px\" viewBox=\"0 0 24 24\" version=\"1.2\" baseProfile=\"tiny\"><path d=\"M18.2 9.3l-6.2-6.3-6.2 6.3c-.2.2-.3.4-.3.7s.1.5.3.7c.2.2.4.3.7.3h11c.3 0 .5-.1.7-.3.2-.2.3-.5.3-.7s-.1-.5-.3-.7zM5.8 14.7l6.2 6.3 6.2-6.3c.2-.2.3-.5.3-.7s-.1-.5-.3-.7c-.2-.2-.4-.3-.7-.3h-11c-.3 0-.5.1-.7.3-.2.2-.3.5-.3.7s.1.5.3.7z\"\/><\/svg><\/span><\/span><\/span><\/a><\/span><\/div>\n<nav><ul class='ez-toc-list ez-toc-list-level-1 ' ><li class='ez-toc-page-1 ez-toc-heading-level-2'><a class=\"ez-toc-link ez-toc-heading-1\" href=\"https:\/\/weedy.fr\/blog\/alzheimer-cbd\/#Le_CBD_un_neuroprotecteur_pour_accompagner_les_malades_dAlzheimer\" >Le CBD\u00a0: un neuroprotecteur pour accompagner les malades d&rsquo;Alzheimer\u00a0?<\/a><\/li><li class='ez-toc-page-1 ez-toc-heading-level-2'><a class=\"ez-toc-link ez-toc-heading-2\" href=\"https:\/\/weedy.fr\/blog\/alzheimer-cbd\/#La_maladie_dAlzheimer_en_bref\" >La maladie d&rsquo;Alzheimer en bref<\/a><ul class='ez-toc-list-level-3' ><li class='ez-toc-heading-level-3'><a class=\"ez-toc-link ez-toc-heading-3\" href=\"https:\/\/weedy.fr\/blog\/alzheimer-cbd\/#Symptomes_dAlzheimer\" >Sympt\u00f4mes d&rsquo;Alzheimer<\/a><\/li><li class='ez-toc-page-1 ez-toc-heading-level-3'><a class=\"ez-toc-link ez-toc-heading-4\" href=\"https:\/\/weedy.fr\/blog\/alzheimer-cbd\/#Causes_de_la_maladie_dAlzheimer\" >Causes de la maladie d\u2019Alzheimer<\/a><\/li><\/ul><\/li><li class='ez-toc-page-1 ez-toc-heading-level-2'><a class=\"ez-toc-link ez-toc-heading-5\" href=\"https:\/\/weedy.fr\/blog\/alzheimer-cbd\/#Le_CBD_pour_soulager_les_symptomes_dAlzheimer\" >Le CBD pour soulager les sympt\u00f4mes d&rsquo;Alzheimer\u00a0?<\/a><ul class='ez-toc-list-level-3' ><li class='ez-toc-heading-level-3'><a class=\"ez-toc-link ez-toc-heading-6\" href=\"https:\/\/weedy.fr\/blog\/alzheimer-cbd\/#Ameliorer_les_fonctions_cognitives\" >Am\u00e9liorer les fonctions cognitives<\/a><\/li><li class='ez-toc-page-1 ez-toc-heading-level-3'><a class=\"ez-toc-link ez-toc-heading-7\" href=\"https:\/\/weedy.fr\/blog\/alzheimer-cbd\/#Retrouver_une_meilleure_qualite_de_vie\" >Retrouver une meilleure qualit\u00e9 de vie<\/a><\/li><\/ul><\/li><li class='ez-toc-page-1 ez-toc-heading-level-2'><a class=\"ez-toc-link ez-toc-heading-8\" href=\"https:\/\/weedy.fr\/blog\/alzheimer-cbd\/#Quel_produit_au_CBD_dans_le_cadre_dAlzheimer\" >Quel produit au CBD dans le cadre d&rsquo;Alzheimer\u00a0?<\/a><\/li><\/ul><\/nav><\/div>\n<h2><span class=\"ez-toc-section\" id=\"Le_CBD_un_neuroprotecteur_pour_accompagner_les_malades_dAlzheimer\"><\/span>Le CBD\u00a0: un neuroprotecteur pour accompagner les malades d&rsquo;Alzheimer\u00a0?<span class=\"ez-toc-section-end\"><\/span><\/h2>\n<figure id=\"attachment_311274\" aria-describedby=\"caption-attachment-311274\" style=\"width: 850px\" class=\"wp-caption aligncenter\"><img fetchpriority=\"high\" decoding=\"async\" class=\"size-full wp-image-311274\" src=\"https:\/\/weedy.fr\/wp-content\/uploads\/2022\/06\/CBD-comme-neuroprotecteur-min.jpg\" alt=\"cbd comme neuroprotecteur min\" width=\"850\" height=\"566\" \/><figcaption id=\"caption-attachment-311274\" class=\"wp-caption-text\">Le CBD a des propri\u00e9t\u00e9s neuroprotectrices potentiellement utiles contre la maladie d\u2019Alzheimer<\/figcaption><\/figure>\n<p>Parmi les <a href=\"https:\/\/weedy.fr\/effets-therapeutiques-cbd\">effets th\u00e9rapeutiques du CBD<\/a>, on compte son <strong>action sur les maladies neurologiques<\/strong>. Cela concerne aussi bien les maladies neuropsychiatriques (troubles du spectre autistique, schizophr\u00e9nie, d\u00e9pression) que les <strong>maladies neurod\u00e9g\u00e9n\u00e9ratives<\/strong> donc font partie Alzheimer, la <a href=\"https:\/\/weedy.fr\/blog\/cbd-et-sclerose-en-plaques\/\">scl\u00e9rose en plaques<\/a>, la maladie de Huntington et l\u2019<a href=\"https:\/\/weedy.fr\/blog\/cbd-et-epilepsie\/\">\u00e9pilepsie<\/a>.<\/p>\n<p>Le cannabidiol aurait ainsi des <strong>propri\u00e9t\u00e9s neuroprotectrices<\/strong> et la capacit\u00e9 d\u2019<strong>am\u00e9liorer les capacit\u00e9s cognitives<\/strong> de ses consommateurs, tout particuli\u00e8rement dans le cadre des <strong>formes familiales de la maladie d\u2019Alzheimer<\/strong>. La consommation de chanvre pourrait \u00e9galement, dans certains cas, <strong>stimuler la neurog\u00e9n\u00e8se<\/strong> (croissance de nouvelles cellules dans le cerveau).<\/p>\n<p>En plus de cela, le CBD ne pr\u00e9sente <strong>aucun effet secondaire<\/strong> majeur connu. Ceci est d&rsquo;autant plus important que les traitements actuels contre la maladie d&rsquo;Alzheimer ne permettent ni d&#8217;emp\u00eacher le d\u00e9clenchement de la maladie, ni de la soigner. Ils ne sont donc que des moyens plus ou moins efficaces de <strong>la ralentir ou d&rsquo;att\u00e9nuer ses sympt\u00f4mes<\/strong>, au risque d\u2019effets secondaires plus ou moins graves.<\/p>\n<p>Les propri\u00e9t\u00e9s du CBD, certes potentiellement b\u00e9n\u00e9fiques dans le cadre de la maladie d&rsquo;Alzheimer, ne constituent pas, elles non-plus, \u00e0 ce stade, d&rsquo;espoir de traitement. Elles pourraient cependant <strong>am\u00e9liorer le quotidien des patients<\/strong>. Int\u00e9ressons-nous dans un premier temps \u00e0 ce qu&rsquo;est la pathologie et comment elle se manifeste, avant de mieux comprendre les espoirs suscit\u00e9s par la prise de cannabidiol et d&rsquo;autres cannabino\u00efdes.<\/p>\n<h2><span class=\"ez-toc-section\" id=\"La_maladie_dAlzheimer_en_bref\"><\/span>La maladie d&rsquo;Alzheimer en bref<span class=\"ez-toc-section-end\"><\/span><\/h2>\n<figure id=\"attachment_311276\" aria-describedby=\"caption-attachment-311276\" style=\"width: 850px\" class=\"wp-caption aligncenter\"><img decoding=\"async\" class=\"size-full wp-image-311276\" src=\"https:\/\/weedy.fr\/wp-content\/uploads\/2022\/06\/Maladie-dAlzheimer-min.jpg\" alt=\"maladie d'alzheimer min\" width=\"850\" height=\"478\" \/><figcaption id=\"caption-attachment-311276\" class=\"wp-caption-text\">La maladie d\u2019Alzheimer entra\u00eene des pertes de m\u00e9moire qui empirent avec le temps<\/figcaption><\/figure>\n<p>La maladie d\u2019Alzheimer est la <strong>forme de d\u00e9mence la plus fr\u00e9quente<\/strong>, devant la maladie de Parkinson (par ailleurs parfois <a href=\"https:\/\/weedy.fr\/blog\/cannabis-cbd-et-parkinson\/\">trait\u00e9e gr\u00e2ce au CBD<\/a>). En France, elle touche environ 1,2 million de personnes. Ce chiffre, d\u00e9j\u00e0 important, ne fait qu\u2019augmenter puisque la proportion de personnes malades augmente avec l\u2019\u00e2ge. La population \u00e9tant vieillissante, Alzheimer devrait toucher 2,2 millions de personnes en France \u00e0 l\u2019horizon 2050. En effet, avant 70 ans, la maladie touche <strong>moins d\u2019une personne sur 100<\/strong>. Au-del\u00e0 de 90 ans, la proportion augmente \u00e0 <strong>une personne sur trois<\/strong>.<\/p>\n<p>Au-del\u00e0 des chiffres, ce sont bien les sympt\u00f4mes et le manque d\u2019options de traitement qui constituent les plus grosses difficult\u00e9s pour les personnes concern\u00e9es, malades comme entourage.<\/p>\n<h3><span class=\"ez-toc-section\" id=\"Symptomes_dAlzheimer\"><\/span>Sympt\u00f4mes d&rsquo;Alzheimer<span class=\"ez-toc-section-end\"><\/span><\/h3>\n<ul>\n<li>Pertes de m\u00e9moire.<\/li>\n<li>Difficult\u00e9 \u00e0 r\u00e9aliser des t\u00e2ches du quotidien (utiliser les nombres, suivre une recette, se concentrer sur une activit\u00e9 quelconque).<\/li>\n<li>Difficult\u00e9 \u00e0 se rep\u00e9rer dans le temps et l\u2019espace (confusion des dates, des saisons, oubli du lieu dans lequel on se trouve).<\/li>\n<li>Probl\u00e8mes de communication, orale comme \u00e9crite.<\/li>\n<li>Difficult\u00e9 ou incapacit\u00e9 \u00e0 se rappeler o\u00f9 l\u2019on vient de ranger un objet.<\/li>\n<li>Difficult\u00e9 \u00e0 juger raisonnablement une situation.<\/li>\n<li>Troubles de l\u2019humeur et de la personnalit\u00e9 (confusion, d\u00e9pression, anxi\u00e9t\u00e9, etc.).<\/li>\n<\/ul>\n<h3><span class=\"ez-toc-section\" id=\"Causes_de_la_maladie_dAlzheimer\"><\/span>Causes de la maladie d\u2019Alzheimer<span class=\"ez-toc-section-end\"><\/span><\/h3>\n<p>Les causes de la maladie d\u2019Alzheimer sont encore mal comprises. Il a cependant \u00e9t\u00e9 \u00e9tabli que les neurones souffrent de deux types de l\u00e9sion\u00a0:<\/p>\n<ul>\n<li>Les <strong>plaques amylo\u00efdes<\/strong>, ou plaques s\u00e9niles, form\u00e9es \u00e0 cause d\u2019une accumulation excessive de prot\u00e9ine \u03b2-amylo\u00efde, se d\u00e9posent au niveau du cortex c\u00e9r\u00e9bral et <strong>emp\u00eachent une connexion normale entre les neurones<\/strong>.<\/li>\n<li>Les <strong>d\u00e9g\u00e9n\u00e9rescences neurofibrillaires<\/strong>, form\u00e9es \u00e0 cause d\u2019une accumulation excessive de filaments \u00e0 l\u2019int\u00e9rieur des neurones, entra\u00eenent la <strong>mort des neurones<\/strong> au niveau de l\u2019hippocampe (associ\u00e9 au bon fonctionnement de la m\u00e9moire) et du cortex associatif, reliant entre elles les diff\u00e9rentes fonctions.<\/li>\n<\/ul>\n<p>Cons\u00e9quence directe, le cerveau s\u2019atrophie, entrainant les sympt\u00f4mes \u00e9voqu\u00e9s plus haut. Les causes de l\u2019apparition de la maladie sont quant \u00e0 elles relativement m\u00e9connues. Des <strong>facteurs g\u00e9n\u00e9tiques<\/strong> ont \u00e9t\u00e9 mis en \u00e9vidence. Ils ne concernent cependant que 5% des cas. L\u2019<strong>\u00e2ge<\/strong>, les <strong>probl\u00e8mes cardiovasculaires<\/strong>, les <strong>troubles du sommeil<\/strong> et certains <strong>facteurs environnementaux<\/strong> (alcool, drogue, pollution, certains traitements m\u00e9dicamenteux) semblent enfin constituer des facteurs de risques.<\/p>\n<h2><span class=\"ez-toc-section\" id=\"Le_CBD_pour_soulager_les_symptomes_dAlzheimer\"><\/span>Le CBD pour soulager les sympt\u00f4mes d&rsquo;Alzheimer\u00a0?<span class=\"ez-toc-section-end\"><\/span><\/h2>\n<p>La recherche sur l\u2019action du CBD sur les sympt\u00f4mes d\u2019Alzheimer est encore \u00e0 un stade pr\u00e9coce. N\u00e9anmoins, deux axes semblent susciter l\u2019int\u00e9r\u00eat des chercheurs\u00a0: les effets du CBD <strong>sur la maladie<\/strong> elle-m\u00eame ainsi que <strong>sur la qualit\u00e9 de vie des malades<\/strong>.<\/p>\n<h3><span class=\"ez-toc-section\" id=\"Ameliorer_les_fonctions_cognitives\"><\/span>Am\u00e9liorer les fonctions cognitives<span class=\"ez-toc-section-end\"><\/span><\/h3>\n<p>Selon un article paru dans le <a href=\"https:\/\/content.iospress.com\/articles\/journal-of-alzheimers-disease\/jad210026\" target=\"_blank\" rel=\"noopener\"><em>Journal of Alzheimer\u2019s disease<\/em><\/a>, la prise de CBD dans le cadre d\u2019Alzheimer pourrait <strong>am\u00e9liorer les niveaux de TREM2 et d&rsquo;IL-3<\/strong>, deux prot\u00e9ines jouant un r\u00f4le essentiel dans l&rsquo;\u00e9limination des d\u00e9chets et des plaques de b\u00eata-amylo\u00efdes qui s&rsquo;accumulent dans le cadre de la maladie et encouragent l&rsquo;inflammation puis la mort des neurones.<\/p>\n<h3><span class=\"ez-toc-section\" id=\"Retrouver_une_meilleure_qualite_de_vie\"><\/span>Retrouver une meilleure qualit\u00e9 de vie<span class=\"ez-toc-section-end\"><\/span><\/h3>\n<p>Plus largement, <a href=\"https:\/\/weedy.fr\/\">acheter du CBD<\/a> peut contribuer \u00e0 offrir une meilleure qualit\u00e9 de vie aux malades d\u2019Alzheimer.<\/p>\n<ul>\n<li><strong>R\u00e9duire les <\/strong><a href=\"https:\/\/weedy.fr\/blog\/cbd-et-anxiete\/\"><strong>troubles anxieux<\/strong><\/a><strong> et d\u00e9pressifs<\/strong>: le CBD encourage la production de s\u00e9rotonine, une substance produite par certains neurones et active dans la gestion des \u00e9motions.<\/li>\n<li><strong>Retrouver une <\/strong><a href=\"https:\/\/weedy.fr\/blog\/bien-dormir-grace-au-cbd\/\"><strong>meilleure qualit\u00e9 de sommeil<\/strong><\/a>: prendre du CBD aide \u00e0 r\u00e9\u00e9quilibrer notre horloge interne, favorisant \u00e0 la fois l\u2019endormissement et la qualit\u00e9 du sommeil.<\/li>\n<\/ul>\n<h2><span class=\"ez-toc-section\" id=\"Quel_produit_au_CBD_dans_le_cadre_dAlzheimer\"><\/span>Quel produit au CBD dans le cadre d&rsquo;Alzheimer\u00a0?<span class=\"ez-toc-section-end\"><\/span><\/h2>\n<figure id=\"attachment_311275\" aria-describedby=\"caption-attachment-311275\" style=\"width: 850px\" class=\"wp-caption aligncenter\"><img decoding=\"async\" class=\"size-full wp-image-311275\" src=\"https:\/\/weedy.fr\/wp-content\/uploads\/2022\/06\/Huile-de-CBD-Alzheimer-min.jpg\" alt=\"huile de cbd alzheimer min\" width=\"850\" height=\"595\" \/><figcaption id=\"caption-attachment-311275\" class=\"wp-caption-text\">Simples d\u2019utilisation et de concentrations vari\u00e9es, les huiles semblent \u00eatre le produit au CBD le plus pratique pour soulager les sympt\u00f4mes d\u2019Alzheimer<\/figcaption><\/figure>\n<p>Il existe toutes sortes de produits au CBD, plus ou moins concentr\u00e9s et dont le mode de prise est plus ou moins sain. Pour faire face aux sympt\u00f4mes de la maladie d\u2019Alzheimer, l\u2019<a href=\"https:\/\/weedy.fr\/product-category\/huiles-cbd\/\"><strong>huile CBD<\/strong><\/a> semble la plus appropri\u00e9e. Elle est en effet <strong>simple d&rsquo;utilisation<\/strong> (quelques gouttes sous la langue suffisent), <strong>saine<\/strong> (pas de combustion ni de d\u00e9gagement de fum\u00e9e) et offre des <strong>effets visibles<\/strong> gr\u00e2ce aux nombreuses concentrations disponibles.<\/p>\n<p>Associ\u00e9 \u00e0 de l\u2019<strong>huile de chanvre<\/strong>, le CBD a en plus le m\u00e9rite de s\u2019adjoindre les <a href=\"https:\/\/weedy.fr\/blog\/proprietes-du-chanvre\/\">propri\u00e9t\u00e9s du chanvre<\/a>. Il contient en effet naturellement de la <strong>vitamine E<\/strong> (utile pour pr\u00e9venir le d\u00e9clin cognitif), des <strong>acides gras<\/strong> (pouvant repousser l\u2019apparition de certains troubles) et des <strong>om\u00e9gas<\/strong>, utiles contre le stress et l\u2019anxi\u00e9t\u00e9.<\/p>\n","protected":false},"excerpt":{"rendered":"<p>Le cannabidiol, ou CBD, est un neuroprotecteur reconnu. La maladie d\u2019Alzheimer entrainant la mort des neurones, l\u2019int\u00e9r\u00eat du CBD pour soulager ses sympt\u00f4mes semble \u00e9vident. Pourtant, la litt\u00e9rature scientifique sur le sujet est encore maigre et il reste difficile de conna\u00eetre ses effets exacts. Alors, le CBD peut-il soulager les sympt\u00f4mes d\u2019Alzheimer et, ce faisant, [&hellip;]<\/p>\n","protected":false},"author":41,"featured_media":352624,"comment_status":"open","ping_status":"closed","sticky":false,"template":"","format":"standard","meta":{"_sitemap_exclude":false,"_sitemap_priority":"","_sitemap_frequency":"","footnotes":""},"categories":[364],"tags":[],"class_list":["post-311272","post","type-post","status-publish","format-standard","has-post-thumbnail","hentry","category-sante-cbd"],"yoast_head":"<!-- This site is optimized with the Yoast SEO Premium plugin v26.9 (Yoast SEO v26.9) - https:\/\/yoast.com\/product\/yoast-seo-premium-wordpress\/ -->\n<title>Alzheimer &amp; CBD : peut-il soulager les sympt\u00f4mes de la maladie ? - Actualit\u00e9s CBD Blog - Weedy.fr<\/title>\n<meta name=\"robots\" content=\"index, follow, max-snippet:-1, max-image-preview:large, max-video-preview:-1\" \/>\n<link rel=\"canonical\" href=\"https:\/\/weedy.fr\/blog\/alzheimer-cbd\/\" \/>\n<meta property=\"og:locale\" content=\"fr_FR\" \/>\n<meta property=\"og:type\" content=\"article\" \/>\n<meta property=\"og:title\" content=\"\ud83c\udf31Alzheimer &amp; CBD : peut-il soulager les sympt\u00f4mes de la maladie ? - Weedy.Fr\ud83c\udf31\" \/>\n<meta property=\"og:description\" content=\"Le cannabidiol, ou CBD, est un neuroprotecteur reconnu. La maladie d\u2019Alzheimer entrainant la mort des neurones, l\u2019int\u00e9r\u00eat du CBD pour soulager ses sympt\u00f4mes semble \u00e9vident. Pourtant, la litt\u00e9rature scientifique sur le sujet est encore maigre et il reste difficile de conna\u00eetre ses effets exacts. Alors, le CBD peut-il soulager les sympt\u00f4mes d\u2019Alzheimer et, ce faisant, [&hellip;]\" \/>\n<meta property=\"og:url\" content=\"https:\/\/weedy.fr\/blog\/alzheimer-cbd\/\" \/>\n<meta property=\"og:site_name\" content=\"Actualit\u00e9s CBD Blog - Weedy.fr\" \/>\n<meta property=\"article:publisher\" content=\"https:\/\/www.facebook.com\/weedysocial\" \/>\n<meta property=\"article:author\" content=\"https:\/\/www.facebook.com\/weedysocial\/\" \/>\n<meta property=\"article:published_time\" content=\"2022-06-16T06:00:48+00:00\" \/>\n<meta property=\"article:modified_time\" content=\"2024-03-04T08:21:08+00:00\" \/>\n<meta property=\"og:image\" content=\"https:\/\/weedy.fr\/blog\/wp-content\/uploads\/2024\/05\/logo-carre.jpg\" \/>\n\t<meta property=\"og:image:width\" content=\"582\" \/>\n\t<meta property=\"og:image:height\" content=\"582\" \/>\n\t<meta property=\"og:image:type\" content=\"image\/jpeg\" \/>\n<meta name=\"author\" content=\"Julien Cordobes\" \/>\n<meta name=\"twitter:card\" content=\"summary_large_image\" \/>\n<meta name=\"twitter:label1\" content=\"\u00c9crit par\" \/>\n\t<meta name=\"twitter:data1\" content=\"Julien Cordobes\" \/>\n\t<meta name=\"twitter:label2\" content=\"Dur\u00e9e de lecture estim\u00e9e\" \/>\n\t<meta name=\"twitter:data2\" content=\"6 minutes\" \/>\n<script type=\"application\/ld+json\" class=\"yoast-schema-graph\">{\"@context\":\"https:\/\/schema.org\",\"@graph\":[{\"@type\":\"Article\",\"@id\":\"https:\/\/weedy.fr\/blog\/alzheimer-cbd\/#article\",\"isPartOf\":{\"@id\":\"https:\/\/weedy.fr\/blog\/alzheimer-cbd\/\"},\"author\":{\"name\":\"Julien Cordobes\",\"@id\":\"https:\/\/weedy.fr\/blog\/#\/schema\/person\/72583fcd87d7cf46afe11d530945bc7e\"},\"headline\":\"Alzheimer &#038; CBD : peut-il soulager les sympt\u00f4mes de la maladie ?\",\"datePublished\":\"2022-06-16T06:00:48+00:00\",\"dateModified\":\"2024-03-04T08:21:08+00:00\",\"mainEntityOfPage\":{\"@id\":\"https:\/\/weedy.fr\/blog\/alzheimer-cbd\/\"},\"wordCount\":1187,\"commentCount\":0,\"publisher\":{\"@id\":\"https:\/\/weedy.fr\/blog\/#organization\"},\"image\":{\"@id\":\"https:\/\/weedy.fr\/blog\/alzheimer-cbd\/#primaryimage\"},\"thumbnailUrl\":\"https:\/\/weedy.fr\/blog\/wp-content\/uploads\/2024\/05\/alzheimer-cbd-peut-il-soulager-les-symptomes-de-la-maladie.jpg\",\"articleSection\":[\"Sant\u00e9 &amp; Bien-\u00eatre\"],\"inLanguage\":\"fr-FR\",\"potentialAction\":[{\"@type\":\"CommentAction\",\"name\":\"Comment\",\"target\":[\"https:\/\/weedy.fr\/blog\/alzheimer-cbd\/#respond\"]}]},{\"@type\":\"WebPage\",\"@id\":\"https:\/\/weedy.fr\/blog\/alzheimer-cbd\/\",\"url\":\"https:\/\/weedy.fr\/blog\/alzheimer-cbd\/\",\"name\":\"Alzheimer & CBD : peut-il soulager les sympt\u00f4mes de la maladie ? - Actualit\u00e9s CBD Blog - Weedy.fr\",\"isPartOf\":{\"@id\":\"https:\/\/weedy.fr\/blog\/#website\"},\"primaryImageOfPage\":{\"@id\":\"https:\/\/weedy.fr\/blog\/alzheimer-cbd\/#primaryimage\"},\"image\":{\"@id\":\"https:\/\/weedy.fr\/blog\/alzheimer-cbd\/#primaryimage\"},\"thumbnailUrl\":\"https:\/\/weedy.fr\/blog\/wp-content\/uploads\/2024\/05\/alzheimer-cbd-peut-il-soulager-les-symptomes-de-la-maladie.jpg\",\"datePublished\":\"2022-06-16T06:00:48+00:00\",\"dateModified\":\"2024-03-04T08:21:08+00:00\",\"breadcrumb\":{\"@id\":\"https:\/\/weedy.fr\/blog\/alzheimer-cbd\/#breadcrumb\"},\"inLanguage\":\"fr-FR\",\"potentialAction\":[{\"@type\":\"ReadAction\",\"target\":[\"https:\/\/weedy.fr\/blog\/alzheimer-cbd\/\"]}]},{\"@type\":\"ImageObject\",\"inLanguage\":\"fr-FR\",\"@id\":\"https:\/\/weedy.fr\/blog\/alzheimer-cbd\/#primaryimage\",\"url\":\"https:\/\/weedy.fr\/blog\/wp-content\/uploads\/2024\/05\/alzheimer-cbd-peut-il-soulager-les-symptomes-de-la-maladie.jpg\",\"contentUrl\":\"https:\/\/weedy.fr\/blog\/wp-content\/uploads\/2024\/05\/alzheimer-cbd-peut-il-soulager-les-symptomes-de-la-maladie.jpg\",\"width\":1792,\"height\":1024,\"caption\":\"Alzheimer\u2019s & CBD: can it relieve the symptoms of the disease?\"},{\"@type\":\"BreadcrumbList\",\"@id\":\"https:\/\/weedy.fr\/blog\/alzheimer-cbd\/#breadcrumb\",\"itemListElement\":[{\"@type\":\"ListItem\",\"position\":1,\"name\":\"CBD Blog\",\"item\":\"https:\/\/weedy.fr\/blog\/\"},{\"@type\":\"ListItem\",\"position\":2,\"name\":\"Culture du CBD\",\"item\":\"https:\/\/weedy.fr\/blog\/category\/culture-cbd\/\"},{\"@type\":\"ListItem\",\"position\":3,\"name\":\"Sant\u00e9 &amp; Bien-\u00eatre\",\"item\":\"https:\/\/weedy.fr\/blog\/category\/culture-cbd\/sante-cbd\/\"},{\"@type\":\"ListItem\",\"position\":4,\"name\":\"Alzheimer &#038; CBD : peut-il soulager les sympt\u00f4mes de la maladie ?\"}]},{\"@type\":\"WebSite\",\"@id\":\"https:\/\/weedy.fr\/blog\/#website\",\"url\":\"https:\/\/weedy.fr\/blog\/\",\"name\":\"Actualit\u00e9s CBD Blog - Weedy.fr\",\"description\":\"Le meilleur de l&#039;actualit\u00e9 du CBD et du chanvre en France\",\"publisher\":{\"@id\":\"https:\/\/weedy.fr\/blog\/#organization\"},\"alternateName\":\"Weedy.fr\",\"potentialAction\":[{\"@type\":\"SearchAction\",\"target\":{\"@type\":\"EntryPoint\",\"urlTemplate\":\"https:\/\/weedy.fr\/blog\/?s={search_term_string}\"},\"query-input\":{\"@type\":\"PropertyValueSpecification\",\"valueRequired\":true,\"valueName\":\"search_term_string\"}}],\"inLanguage\":\"fr-FR\"},{\"@type\":\"Organization\",\"@id\":\"https:\/\/weedy.fr\/blog\/#organization\",\"name\":\"Weedy.fr\",\"alternateName\":\"Weedy.fr\",\"url\":\"https:\/\/weedy.fr\/blog\/\",\"logo\":{\"@type\":\"ImageObject\",\"inLanguage\":\"fr-FR\",\"@id\":\"https:\/\/weedy.fr\/blog\/#\/schema\/logo\/image\/\",\"url\":\"https:\/\/weedy.fr\/blog\/wp-content\/uploads\/2024\/05\/logo-carre.jpg\",\"contentUrl\":\"https:\/\/weedy.fr\/blog\/wp-content\/uploads\/2024\/05\/logo-carre.jpg\",\"width\":582,\"height\":582,\"caption\":\"Weedy.fr\"},\"image\":{\"@id\":\"https:\/\/weedy.fr\/blog\/#\/schema\/logo\/image\/\"},\"sameAs\":[\"https:\/\/www.facebook.com\/weedysocial\",\"https:\/\/www.instagram.com\/weedyfrance\/\"],\"description\":\"Leader en france sur la vente de produits \u00e0 base de CBD\",\"email\":\"support@weedy.fr\",\"telephone\":\"0187651030\",\"legalName\":\"Weedy.fr\"},{\"@type\":\"Person\",\"@id\":\"https:\/\/weedy.fr\/blog\/#\/schema\/person\/72583fcd87d7cf46afe11d530945bc7e\",\"name\":\"Julien Cordobes\",\"image\":{\"@type\":\"ImageObject\",\"inLanguage\":\"fr-FR\",\"@id\":\"https:\/\/weedy.fr\/blog\/#\/schema\/person\/image\/\",\"url\":\"https:\/\/secure.gravatar.com\/avatar\/39c7124515a22e18b96324fe7087f17d145ba095086413a586717853860bd09b?s=96&d=mm&r=g\",\"contentUrl\":\"https:\/\/secure.gravatar.com\/avatar\/39c7124515a22e18b96324fe7087f17d145ba095086413a586717853860bd09b?s=96&d=mm&r=g\",\"caption\":\"Julien Cordobes\"},\"description\":\"R\u00e9dacteur en chef sp\u00e9cialis\u00e9 en CBD Julien, n\u00e9 le 17 juillet 1978 en r\u00e9gion Parisienne, est un \u00e9minent r\u00e9dacteur et expert dans le domaine des produits \u00e0 base de CBD. Suite \u00e0 ses \u00e9tudes en biologie et en m\u00e9decine alternative, Julien a d\u00e9velopp\u00e9 une passion pour les rem\u00e8des naturels, dont le CBD. En 2022, il int\u00e8gre l\u2019\u00e9quipe du site Weedy.fr en qualit\u00e9 d\u2019expert et de contributeur r\u00e9gulier. Gr\u00e2ce \u00e0 son expertise scientifique et une \u00e9criture claire, Julien aide \u00e0 d\u00e9mystifier les aspects complexes du CBD, tout en mettant en lumi\u00e8re ses bienfaits et applications potentielles \u00e0 travers ses articles et participations \u00e0 des conf\u00e9rences.\",\"sameAs\":[\"https:\/\/weedy.fr\",\"https:\/\/www.facebook.com\/weedysocial\/\",\"https:\/\/www.instagram.com\/weedyfrance\",\"https:\/\/www.pinterest.fr\/WeedyFrance\/\"],\"honorificPrefix\":\"Mr\",\"birthDate\":\"1978-07-17\",\"gender\":\"male\",\"knowsAbout\":[\"CBD\",\"Cannabis\",\"Copywriter\"],\"knowsLanguage\":[\"French\"],\"jobTitle\":\"Editor-in-chief specializing in CBD\",\"worksFor\":\"Weedy.fr\",\"url\":\"https:\/\/weedy.fr\/blog\/author\/cbd_blog_owner\/\"}]}<\/script>\n<!-- \/ Yoast SEO Premium plugin. -->","yoast_head_json":{"title":"Alzheimer & CBD : peut-il soulager les sympt\u00f4mes de la maladie ? - Actualit\u00e9s CBD Blog - Weedy.fr","robots":{"index":"index","follow":"follow","max-snippet":"max-snippet:-1","max-image-preview":"max-image-preview:large","max-video-preview":"max-video-preview:-1"},"canonical":"https:\/\/weedy.fr\/blog\/alzheimer-cbd\/","og_locale":"fr_FR","og_type":"article","og_title":"\ud83c\udf31Alzheimer & CBD : peut-il soulager les sympt\u00f4mes de la maladie ? - Weedy.Fr\ud83c\udf31","og_description":"Le cannabidiol, ou CBD, est un neuroprotecteur reconnu. La maladie d\u2019Alzheimer entrainant la mort des neurones, l\u2019int\u00e9r\u00eat du CBD pour soulager ses sympt\u00f4mes semble \u00e9vident. Pourtant, la litt\u00e9rature scientifique sur le sujet est encore maigre et il reste difficile de conna\u00eetre ses effets exacts. Alors, le CBD peut-il soulager les sympt\u00f4mes d\u2019Alzheimer et, ce faisant, [&hellip;]","og_url":"https:\/\/weedy.fr\/blog\/alzheimer-cbd\/","og_site_name":"Actualit\u00e9s CBD Blog - Weedy.fr","article_publisher":"https:\/\/www.facebook.com\/weedysocial","article_author":"https:\/\/www.facebook.com\/weedysocial\/","article_published_time":"2022-06-16T06:00:48+00:00","article_modified_time":"2024-03-04T08:21:08+00:00","og_image":[{"width":582,"height":582,"url":"https:\/\/weedy.fr\/blog\/wp-content\/uploads\/2024\/05\/logo-carre.jpg","type":"image\/jpeg"}],"author":"Julien Cordobes","twitter_card":"summary_large_image","twitter_misc":{"\u00c9crit par":"Julien Cordobes","Dur\u00e9e de lecture estim\u00e9e":"6 minutes"},"schema":{"@context":"https:\/\/schema.org","@graph":[{"@type":"Article","@id":"https:\/\/weedy.fr\/blog\/alzheimer-cbd\/#article","isPartOf":{"@id":"https:\/\/weedy.fr\/blog\/alzheimer-cbd\/"},"author":{"name":"Julien Cordobes","@id":"https:\/\/weedy.fr\/blog\/#\/schema\/person\/72583fcd87d7cf46afe11d530945bc7e"},"headline":"Alzheimer &#038; CBD : peut-il soulager les sympt\u00f4mes de la maladie ?","datePublished":"2022-06-16T06:00:48+00:00","dateModified":"2024-03-04T08:21:08+00:00","mainEntityOfPage":{"@id":"https:\/\/weedy.fr\/blog\/alzheimer-cbd\/"},"wordCount":1187,"commentCount":0,"publisher":{"@id":"https:\/\/weedy.fr\/blog\/#organization"},"image":{"@id":"https:\/\/weedy.fr\/blog\/alzheimer-cbd\/#primaryimage"},"thumbnailUrl":"https:\/\/weedy.fr\/blog\/wp-content\/uploads\/2024\/05\/alzheimer-cbd-peut-il-soulager-les-symptomes-de-la-maladie.jpg","articleSection":["Sant\u00e9 &amp; Bien-\u00eatre"],"inLanguage":"fr-FR","potentialAction":[{"@type":"CommentAction","name":"Comment","target":["https:\/\/weedy.fr\/blog\/alzheimer-cbd\/#respond"]}]},{"@type":"WebPage","@id":"https:\/\/weedy.fr\/blog\/alzheimer-cbd\/","url":"https:\/\/weedy.fr\/blog\/alzheimer-cbd\/","name":"Alzheimer & CBD : peut-il soulager les sympt\u00f4mes de la maladie ? - Actualit\u00e9s CBD Blog - Weedy.fr","isPartOf":{"@id":"https:\/\/weedy.fr\/blog\/#website"},"primaryImageOfPage":{"@id":"https:\/\/weedy.fr\/blog\/alzheimer-cbd\/#primaryimage"},"image":{"@id":"https:\/\/weedy.fr\/blog\/alzheimer-cbd\/#primaryimage"},"thumbnailUrl":"https:\/\/weedy.fr\/blog\/wp-content\/uploads\/2024\/05\/alzheimer-cbd-peut-il-soulager-les-symptomes-de-la-maladie.jpg","datePublished":"2022-06-16T06:00:48+00:00","dateModified":"2024-03-04T08:21:08+00:00","breadcrumb":{"@id":"https:\/\/weedy.fr\/blog\/alzheimer-cbd\/#breadcrumb"},"inLanguage":"fr-FR","potentialAction":[{"@type":"ReadAction","target":["https:\/\/weedy.fr\/blog\/alzheimer-cbd\/"]}]},{"@type":"ImageObject","inLanguage":"fr-FR","@id":"https:\/\/weedy.fr\/blog\/alzheimer-cbd\/#primaryimage","url":"https:\/\/weedy.fr\/blog\/wp-content\/uploads\/2024\/05\/alzheimer-cbd-peut-il-soulager-les-symptomes-de-la-maladie.jpg","contentUrl":"https:\/\/weedy.fr\/blog\/wp-content\/uploads\/2024\/05\/alzheimer-cbd-peut-il-soulager-les-symptomes-de-la-maladie.jpg","width":1792,"height":1024,"caption":"Alzheimer\u2019s & CBD: can it relieve the symptoms of the disease?"},{"@type":"BreadcrumbList","@id":"https:\/\/weedy.fr\/blog\/alzheimer-cbd\/#breadcrumb","itemListElement":[{"@type":"ListItem","position":1,"name":"CBD Blog","item":"https:\/\/weedy.fr\/blog\/"},{"@type":"ListItem","position":2,"name":"Culture du CBD","item":"https:\/\/weedy.fr\/blog\/category\/culture-cbd\/"},{"@type":"ListItem","position":3,"name":"Sant\u00e9 &amp; Bien-\u00eatre","item":"https:\/\/weedy.fr\/blog\/category\/culture-cbd\/sante-cbd\/"},{"@type":"ListItem","position":4,"name":"Alzheimer &#038; CBD : peut-il soulager les sympt\u00f4mes de la maladie ?"}]},{"@type":"WebSite","@id":"https:\/\/weedy.fr\/blog\/#website","url":"https:\/\/weedy.fr\/blog\/","name":"Actualit\u00e9s CBD Blog - Weedy.fr","description":"Le meilleur de l&#039;actualit\u00e9 du CBD et du chanvre en France","publisher":{"@id":"https:\/\/weedy.fr\/blog\/#organization"},"alternateName":"Weedy.fr","potentialAction":[{"@type":"SearchAction","target":{"@type":"EntryPoint","urlTemplate":"https:\/\/weedy.fr\/blog\/?s={search_term_string}"},"query-input":{"@type":"PropertyValueSpecification","valueRequired":true,"valueName":"search_term_string"}}],"inLanguage":"fr-FR"},{"@type":"Organization","@id":"https:\/\/weedy.fr\/blog\/#organization","name":"Weedy.fr","alternateName":"Weedy.fr","url":"https:\/\/weedy.fr\/blog\/","logo":{"@type":"ImageObject","inLanguage":"fr-FR","@id":"https:\/\/weedy.fr\/blog\/#\/schema\/logo\/image\/","url":"https:\/\/weedy.fr\/blog\/wp-content\/uploads\/2024\/05\/logo-carre.jpg","contentUrl":"https:\/\/weedy.fr\/blog\/wp-content\/uploads\/2024\/05\/logo-carre.jpg","width":582,"height":582,"caption":"Weedy.fr"},"image":{"@id":"https:\/\/weedy.fr\/blog\/#\/schema\/logo\/image\/"},"sameAs":["https:\/\/www.facebook.com\/weedysocial","https:\/\/www.instagram.com\/weedyfrance\/"],"description":"Leader en france sur la vente de produits \u00e0 base de CBD","email":"support@weedy.fr","telephone":"0187651030","legalName":"Weedy.fr"},{"@type":"Person","@id":"https:\/\/weedy.fr\/blog\/#\/schema\/person\/72583fcd87d7cf46afe11d530945bc7e","name":"Julien Cordobes","image":{"@type":"ImageObject","inLanguage":"fr-FR","@id":"https:\/\/weedy.fr\/blog\/#\/schema\/person\/image\/","url":"https:\/\/secure.gravatar.com\/avatar\/39c7124515a22e18b96324fe7087f17d145ba095086413a586717853860bd09b?s=96&d=mm&r=g","contentUrl":"https:\/\/secure.gravatar.com\/avatar\/39c7124515a22e18b96324fe7087f17d145ba095086413a586717853860bd09b?s=96&d=mm&r=g","caption":"Julien Cordobes"},"description":"R\u00e9dacteur en chef sp\u00e9cialis\u00e9 en CBD Julien, n\u00e9 le 17 juillet 1978 en r\u00e9gion Parisienne, est un \u00e9minent r\u00e9dacteur et expert dans le domaine des produits \u00e0 base de CBD. Suite \u00e0 ses \u00e9tudes en biologie et en m\u00e9decine alternative, Julien a d\u00e9velopp\u00e9 une passion pour les rem\u00e8des naturels, dont le CBD. En 2022, il int\u00e8gre l\u2019\u00e9quipe du site Weedy.fr en qualit\u00e9 d\u2019expert et de contributeur r\u00e9gulier. Gr\u00e2ce \u00e0 son expertise scientifique et une \u00e9criture claire, Julien aide \u00e0 d\u00e9mystifier les aspects complexes du CBD, tout en mettant en lumi\u00e8re ses bienfaits et applications potentielles \u00e0 travers ses articles et participations \u00e0 des conf\u00e9rences.","sameAs":["https:\/\/weedy.fr","https:\/\/www.facebook.com\/weedysocial\/","https:\/\/www.instagram.com\/weedyfrance","https:\/\/www.pinterest.fr\/WeedyFrance\/"],"honorificPrefix":"Mr","birthDate":"1978-07-17","gender":"male","knowsAbout":["CBD","Cannabis","Copywriter"],"knowsLanguage":["French"],"jobTitle":"Editor-in-chief specializing in CBD","worksFor":"Weedy.fr","url":"https:\/\/weedy.fr\/blog\/author\/cbd_blog_owner\/"}]}},"_links":{"self":[{"href":"https:\/\/weedy.fr\/blog\/wp-json\/wp\/v2\/posts\/311272","targetHints":{"allow":["GET"]}}],"collection":[{"href":"https:\/\/weedy.fr\/blog\/wp-json\/wp\/v2\/posts"}],"about":[{"href":"https:\/\/weedy.fr\/blog\/wp-json\/wp\/v2\/types\/post"}],"author":[{"embeddable":true,"href":"https:\/\/weedy.fr\/blog\/wp-json\/wp\/v2\/users\/41"}],"replies":[{"embeddable":true,"href":"https:\/\/weedy.fr\/blog\/wp-json\/wp\/v2\/comments?post=311272"}],"version-history":[{"count":1,"href":"https:\/\/weedy.fr\/blog\/wp-json\/wp\/v2\/posts\/311272\/revisions"}],"predecessor-version":[{"id":352307,"href":"https:\/\/weedy.fr\/blog\/wp-json\/wp\/v2\/posts\/311272\/revisions\/352307"}],"wp:featuredmedia":[{"embeddable":true,"href":"https:\/\/weedy.fr\/blog\/wp-json\/wp\/v2\/media\/352624"}],"wp:attachment":[{"href":"https:\/\/weedy.fr\/blog\/wp-json\/wp\/v2\/media?parent=311272"}],"wp:term":[{"taxonomy":"category","embeddable":true,"href":"https:\/\/weedy.fr\/blog\/wp-json\/wp\/v2\/categories?post=311272"},{"taxonomy":"post_tag","embeddable":true,"href":"https:\/\/weedy.fr\/blog\/wp-json\/wp\/v2\/tags?post=311272"}],"curies":[{"name":"wp","href":"https:\/\/api.w.org\/{rel}","templated":true}]}}