{"id":359448,"date":"2024-09-17T17:41:13","date_gmt":"2024-09-17T15:41:13","guid":{"rendered":"https:\/\/weedy.fr\/blog\/?p=359448"},"modified":"2024-09-17T17:41:14","modified_gmt":"2024-09-17T15:41:14","slug":"a-ucrania-legaliza-a-cannabis-medicinal-um-grande-passo-em-frente-para-os-pacientes-e-a-sociedade","status":"publish","type":"post","link":"https:\/\/weedy.fr\/blog\/pt\/a-ucrania-legaliza-a-cannabis-medicinal-um-grande-passo-em-frente-para-os-pacientes-e-a-sociedade\/","title":{"rendered":"A Ucr\u00e2nia legaliza a cannabis medicinal: um grande passo em frente para os pacientes e a sociedade"},"content":{"rendered":"<p>Em dezembro de 2023, a Ucr\u00e2nia atingiu um marco na pol\u00edtica de drogas ao legalizar a cannabis medicinal. Esta decis\u00e3o hist\u00f3rica abre novas perspectivas para muitos pacientes que sofrem de dores cr\u00f3nicas, epilepsia, cancro e outras patologias suscept\u00edveis de serem tratadas por esta planta com muitas virtudes terap\u00eauticas. Neste artigo, explicaremos a voc\u00ea o que <strong>cannabis medicinal<\/strong>, quais s\u00e3o as indica\u00e7\u00f5es terap\u00eauticas reconhecidas e como esta nova legisla\u00e7\u00e3o poder\u00e1 influenciar o mercado europeu do <a href=\"https:\/\/weedy.fr\" data-internallinksmanager029f6b8e52c=\"1\" title=\"CBD - cannabidiol\">CBD<\/a>.<\/p>\n<div id=\"ez-toc-container\" class=\"ez-toc-v2_0_80 counter-hierarchy ez-toc-counter ez-toc-grey ez-toc-container-direction\">\n<div class=\"ez-toc-title-container\">\n<p class=\"ez-toc-title\" style=\"cursor:inherit\">Sommaire<\/p>\n<span class=\"ez-toc-title-toggle\"><a href=\"#\" class=\"ez-toc-pull-right ez-toc-btn ez-toc-btn-xs ez-toc-btn-default ez-toc-toggle\" aria-label=\"Toggle Table of Content\"><span class=\"ez-toc-js-icon-con\"><span class=\"\"><span class=\"eztoc-hide\" style=\"display:none;\">Toggle<\/span><span class=\"ez-toc-icon-toggle-span\"><svg style=\"fill: #43b981;color:#43b981\" xmlns=\"http:\/\/www.w3.org\/2000\/svg\" class=\"list-377408\" width=\"20px\" height=\"20px\" viewBox=\"0 0 24 24\" fill=\"none\"><path d=\"M6 6H4v2h2V6zm14 0H8v2h12V6zM4 11h2v2H4v-2zm16 0H8v2h12v-2zM4 16h2v2H4v-2zm16 0H8v2h12v-2z\" fill=\"currentColor\"><\/path><\/svg><svg style=\"fill: #43b981;color:#43b981\" class=\"arrow-unsorted-368013\" xmlns=\"http:\/\/www.w3.org\/2000\/svg\" width=\"10px\" height=\"10px\" viewBox=\"0 0 24 24\" version=\"1.2\" baseProfile=\"tiny\"><path d=\"M18.2 9.3l-6.2-6.3-6.2 6.3c-.2.2-.3.4-.3.7s.1.5.3.7c.2.2.4.3.7.3h11c.3 0 .5-.1.7-.3.2-.2.3-.5.3-.7s-.1-.5-.3-.7zM5.8 14.7l6.2 6.3 6.2-6.3c.2-.2.3-.5.3-.7s-.1-.5-.3-.7c-.2-.2-.4-.3-.7-.3h-11c-.3 0-.5.1-.7.3-.2.2-.3.5-.3.7s.1.5.3.7z\"\/><\/svg><\/span><\/span><\/span><\/a><\/span><\/div>\n<nav><ul class='ez-toc-list ez-toc-list-level-1 ' ><li class='ez-toc-page-1 ez-toc-heading-level-2'><a class=\"ez-toc-link ez-toc-heading-1\" href=\"https:\/\/weedy.fr\/blog\/pt\/a-ucrania-legaliza-a-cannabis-medicinal-um-grande-passo-em-frente-para-os-pacientes-e-a-sociedade\/#Cannabis_medicinal_o_que_e\" >Cannabis medicinal: o que \u00e9?<\/a><ul class='ez-toc-list-level-3' ><li class='ez-toc-heading-level-3'><a class=\"ez-toc-link ez-toc-heading-2\" href=\"https:\/\/weedy.fr\/blog\/pt\/a-ucrania-legaliza-a-cannabis-medicinal-um-grande-passo-em-frente-para-os-pacientes-e-a-sociedade\/#Quais_sao_as_indicacoes_terapeuticas_da_cannabis_medicinal\" >Quais s\u00e3o as indica\u00e7\u00f5es terap\u00eauticas da cannabis medicinal?<\/a><\/li><\/ul><\/li><li class='ez-toc-page-1 ez-toc-heading-level-2'><a class=\"ez-toc-link ez-toc-heading-3\" href=\"https:\/\/weedy.fr\/blog\/pt\/a-ucrania-legaliza-a-cannabis-medicinal-um-grande-passo-em-frente-para-os-pacientes-e-a-sociedade\/#Um_ponto_de_viragem_historico_para_a_Ucrania\" >Um ponto de viragem hist\u00f3rico para a Ucr\u00e2nia<\/a><ul class='ez-toc-list-level-3' ><li class='ez-toc-heading-level-3'><a class=\"ez-toc-link ez-toc-heading-4\" href=\"https:\/\/weedy.fr\/blog\/pt\/a-ucrania-legaliza-a-cannabis-medicinal-um-grande-passo-em-frente-para-os-pacientes-e-a-sociedade\/#Um_forte_sinal_para_o_mercado_europeu_de_CBD\" >Um forte sinal para o mercado europeu de CBD<\/a><\/li><\/ul><\/li><li class='ez-toc-page-1 ez-toc-heading-level-2'><a class=\"ez-toc-link ez-toc-heading-5\" href=\"https:\/\/weedy.fr\/blog\/pt\/a-ucrania-legaliza-a-cannabis-medicinal-um-grande-passo-em-frente-para-os-pacientes-e-a-sociedade\/#Em_conclusao_um_passo_em_frente_rumo_a_uma_abordagem_racional_e_compassiva_as_drogas\" >Em conclus\u00e3o: um passo em frente rumo a uma abordagem racional e compassiva \u00e0s drogas<\/a><\/li><\/ul><\/nav><\/div>\n<h2><span class=\"ez-toc-section\" id=\"Cannabis_medicinal_o_que_e\"><\/span>Cannabis medicinal: o que \u00e9?<span class=\"ez-toc-section-end\"><\/span><\/h2>\n<p>Cannabis medicinal refere-se ao uso da planta cannabis e seus componentes qu\u00edmicos, chamados <em>canabin\u00f3ides<\/em>, para fins m\u00e9dicos, para aliviar diversos sintomas e melhorar a qualidade de vida de pacientes com determinadas doen\u00e7as. Os dois principais canabin\u00f3ides utilizados medicinalmente s\u00e3o o tetrahidrocanabinol (THC) e o canabidiol (<a href=\"https:\/\/weedy.fr\" data-internallinksmanager029f6b8e52c=\"1\" title=\"CBD - cannabidiol\">CBD<\/a>).<\/p>\n<ul>\n<li><strong>THC<\/strong> \u00e9 o principal componente psicoativo respons\u00e1vel pelos elevados efeitos da cannabis. Tamb\u00e9m \u00e9 conhecido por suas propriedades analg\u00e9sicas, antiem\u00e9ticas e antiinflamat\u00f3rias.<\/li>\n<li><strong>CDB<\/strong> n\u00e3o \u00e9 psicoativo, ou seja, n\u00e3o altera a consci\u00eancia nem causa euforia. Possui muitas propriedades medicinais, incluindo anticonvulsivantes, neuroprotetoras e antiinflamat\u00f3rias.<\/li>\n<\/ul>\n<h3><span class=\"ez-toc-section\" id=\"Quais_sao_as_indicacoes_terapeuticas_da_cannabis_medicinal\"><\/span>Quais s\u00e3o as indica\u00e7\u00f5es terap\u00eauticas da cannabis medicinal?<span class=\"ez-toc-section-end\"><\/span><\/h3>\n<p>A cannabis medicinal \u00e9 usada para tratar uma s\u00e9rie de condi\u00e7\u00f5es m\u00e9dicas, incluindo:<\/p>\n<ul>\n<li>Dor cr\u00f4nica<\/li>\n<li>Epilepsia (particularmente formas resistentes ao tratamento)<\/li>\n<li>N\u00e1useas e v\u00f4mitos associados \u00e0 quimioterapia<\/li>\n<li>Espasmos musculares ligados \u00e0 esclerose m\u00faltipla<\/li>\n<li>Ansiedade, depress\u00e3o e outros transtornos psiqui\u00e1tricos<\/li>\n<\/ul>\n<h2><span class=\"ez-toc-section\" id=\"Um_ponto_de_viragem_historico_para_a_Ucrania\"><\/span>Um ponto de viragem hist\u00f3rico para a Ucr\u00e2nia<span class=\"ez-toc-section-end\"><\/span><\/h2>\n<p>Esta ousada decis\u00e3o tomada pelo parlamento ucraniano de legalizar a cannabis medicinal n\u00e3o tem precedentes na hist\u00f3ria do pa\u00eds e reflecte uma profunda mudan\u00e7a de mentalidades sobre a quest\u00e3o das drogas. Com efeito, esta legisla\u00e7\u00e3o n\u00e3o s\u00f3 melhorar\u00e1 a qualidade de vida dos pacientes que sofrem de patologias para as quais os tratamentos convencionais s\u00e3o insuficientes, mas tamb\u00e9m ajudar\u00e1 a eliminar os preconceitos estigmatizantes que ainda pesam sobre a cannabis.<\/p>\n<p><strong>Entre os potenciais benefici\u00e1rios desta nova legisla\u00e7\u00e3o est\u00e3o os soldados ucranianos traumatizados pela guerra<\/strong> ocupam um lugar especial: para combater o stress p\u00f3s-traum\u00e1tico, a cannabis medicinal pode constituir uma alternativa valiosa aos tratamentos tradicionais, que muitas vezes s\u00e3o insuficientes.<\/p>\n<h3><span class=\"ez-toc-section\" id=\"Um_forte_sinal_para_o_mercado_europeu_de_CBD\"><\/span>Um forte sinal para o mercado europeu de CBD<span class=\"ez-toc-section-end\"><\/span><\/h3>\n<p>A legaliza\u00e7\u00e3o da cannabis medicinal na Ucr\u00e2nia tamb\u00e9m tem impacto no mercado europeu da CDB. \u00c0 medida que a procura por estes produtos continua a crescer, <strong>A Ucr\u00e2nia poderia posicionar-se como um ator importante na produ\u00e7\u00e3o e distribui\u00e7\u00e3o de cannabis medicinal \u00e0 escala europeia<\/strong>. Esta nova abordagem \u00e0 cannabis ajudar\u00e1, sem d\u00favida, a impulsionar a economia do pa\u00eds e ajudar\u00e1 a estabelecer novas parcerias com empresas especializadas como a Cocorikush.<\/p>\n<h2><span class=\"ez-toc-section\" id=\"Em_conclusao_um_passo_em_frente_rumo_a_uma_abordagem_racional_e_compassiva_as_drogas\"><\/span>Em conclus\u00e3o: um passo em frente rumo a uma abordagem racional e compassiva \u00e0s drogas<span class=\"ez-toc-section-end\"><\/span><\/h2>\n<p>A decis\u00e3o corajosa da Ucr\u00e2nia de permitir o uso de cannabis medicinal representa um avan\u00e7o significativo na forma como o pa\u00eds aborda a quest\u00e3o das drogas. Ao aproveitar as propriedades ben\u00e9ficas da cannabis, esta escolha ter\u00e1 impactos positivos tanto na qualidade de vida dos pacientes em causa como na economia do pa\u00eds. Resta esperar que esta nova legisla\u00e7\u00e3o abra caminho a uma abordagem mais racional e compassiva em rela\u00e7\u00e3o a todas as subst\u00e2ncias psicoactivas e \u00e0s suas potenciais utiliza\u00e7\u00f5es.<\/p>\n","protected":false},"excerpt":{"rendered":"<p>Em dezembro de 2023, a Ucr\u00e2nia atingiu um marco na pol\u00edtica de drogas ao legalizar a cannabis medicinal. Esta decis\u00e3o hist\u00f3rica abre novas perspectivas para muitos pacientes que sofrem de dores cr\u00f3nicas, epilepsia, cancro e outras patologias suscept\u00edveis de serem tratadas por esta planta com muitas virtudes terap\u00eauticas. Neste artigo, explicaremos a voc\u00ea o que [&hellip;]<\/p>\n","protected":false},"author":41,"featured_media":352041,"comment_status":"closed","ping_status":"open","sticky":false,"template":"","format":"standard","meta":{"_sitemap_exclude":false,"_sitemap_priority":"","_sitemap_frequency":"","footnotes":""},"categories":[675],"tags":[],"class_list":["post-359448","post","type-post","status-publish","format-standard","has-post-thumbnail","hentry","category-noticias-sobre-cbd-pt"],"yoast_head":"<!-- This site is optimized with the Yoast SEO Premium plugin v26.9 (Yoast SEO v26.9) - https:\/\/yoast.com\/product\/yoast-seo-premium-wordpress\/ -->\n<title>A Ucr\u00e2nia legaliza a cannabis medicinal: um grande passo em frente para os pacientes e a sociedade - Actualit\u00e9s CBD Blog - Weedy.fr<\/title>\n<meta name=\"robots\" content=\"index, follow, max-snippet:-1, max-image-preview:large, max-video-preview:-1\" \/>\n<link rel=\"canonical\" href=\"https:\/\/weedy.fr\/blog\/pt\/a-ucrania-legaliza-a-cannabis-medicinal-um-grande-passo-em-frente-para-os-pacientes-e-a-sociedade\/\" \/>\n<meta property=\"og:locale\" content=\"fr_FR\" \/>\n<meta property=\"og:type\" content=\"article\" \/>\n<meta property=\"og:title\" content=\"\ud83c\udf31A Ucr\u00e2nia legaliza a cannabis medicinal: um grande passo em frente para os pacientes e a sociedade - Weedy.Fr\ud83c\udf31\" \/>\n<meta property=\"og:description\" content=\"Em dezembro de 2023, a Ucr\u00e2nia atingiu um marco na pol\u00edtica de drogas ao legalizar a cannabis medicinal. Esta decis\u00e3o hist\u00f3rica abre novas perspectivas para muitos pacientes que sofrem de dores cr\u00f3nicas, epilepsia, cancro e outras patologias suscept\u00edveis de serem tratadas por esta planta com muitas virtudes terap\u00eauticas. Neste artigo, explicaremos a voc\u00ea o que [&hellip;]\" \/>\n<meta property=\"og:url\" content=\"https:\/\/weedy.fr\/blog\/pt\/a-ucrania-legaliza-a-cannabis-medicinal-um-grande-passo-em-frente-para-os-pacientes-e-a-sociedade\/\" \/>\n<meta property=\"og:site_name\" content=\"Actualit\u00e9s CBD Blog - Weedy.fr\" \/>\n<meta property=\"article:publisher\" content=\"https:\/\/www.facebook.com\/weedysocial\" \/>\n<meta property=\"article:author\" content=\"https:\/\/www.facebook.com\/weedysocial\/\" \/>\n<meta property=\"article:published_time\" content=\"2024-09-17T15:41:13+00:00\" \/>\n<meta property=\"article:modified_time\" content=\"2024-09-17T15:41:14+00:00\" \/>\n<meta property=\"og:image\" content=\"https:\/\/weedy.fr\/blog\/wp-content\/uploads\/2024\/01\/lukraine-legalise-le-cannabis-medical-une-avancee-majeure-pour-les-patients-et-la-societe.jpg\" \/>\n\t<meta property=\"og:image:width\" content=\"1456\" \/>\n\t<meta property=\"og:image:height\" content=\"832\" \/>\n\t<meta property=\"og:image:type\" content=\"image\/jpeg\" \/>\n<meta name=\"author\" content=\"Julien Cordobes\" \/>\n<meta name=\"twitter:card\" content=\"summary_large_image\" \/>\n<meta name=\"twitter:label1\" content=\"\u00c9crit par\" \/>\n\t<meta name=\"twitter:data1\" content=\"Julien Cordobes\" \/>\n\t<meta name=\"twitter:label2\" content=\"Dur\u00e9e de lecture estim\u00e9e\" \/>\n\t<meta name=\"twitter:data2\" content=\"3 minutes\" \/>\n<script type=\"application\/ld+json\" class=\"yoast-schema-graph\">{\"@context\":\"https:\/\/schema.org\",\"@graph\":[{\"@type\":\"Article\",\"@id\":\"https:\/\/weedy.fr\/blog\/pt\/a-ucrania-legaliza-a-cannabis-medicinal-um-grande-passo-em-frente-para-os-pacientes-e-a-sociedade\/#article\",\"isPartOf\":{\"@id\":\"https:\/\/weedy.fr\/blog\/pt\/a-ucrania-legaliza-a-cannabis-medicinal-um-grande-passo-em-frente-para-os-pacientes-e-a-sociedade\/\"},\"author\":{\"name\":\"Julien Cordobes\",\"@id\":\"https:\/\/weedy.fr\/blog\/#\/schema\/person\/72583fcd87d7cf46afe11d530945bc7e\"},\"headline\":\"A Ucr\u00e2nia legaliza a cannabis medicinal: um grande passo em frente para os pacientes e a sociedade\",\"datePublished\":\"2024-09-17T15:41:13+00:00\",\"dateModified\":\"2024-09-17T15:41:14+00:00\",\"mainEntityOfPage\":{\"@id\":\"https:\/\/weedy.fr\/blog\/pt\/a-ucrania-legaliza-a-cannabis-medicinal-um-grande-passo-em-frente-para-os-pacientes-e-a-sociedade\/\"},\"wordCount\":590,\"publisher\":{\"@id\":\"https:\/\/weedy.fr\/blog\/#organization\"},\"image\":{\"@id\":\"https:\/\/weedy.fr\/blog\/pt\/a-ucrania-legaliza-a-cannabis-medicinal-um-grande-passo-em-frente-para-os-pacientes-e-a-sociedade\/#primaryimage\"},\"thumbnailUrl\":\"https:\/\/weedy.fr\/blog\/wp-content\/uploads\/2024\/01\/lukraine-legalise-le-cannabis-medical-une-avancee-majeure-pour-les-patients-et-la-societe.jpg\",\"articleSection\":[\"Not\u00edcias sobre CBD\"],\"inLanguage\":\"fr-FR\"},{\"@type\":\"WebPage\",\"@id\":\"https:\/\/weedy.fr\/blog\/pt\/a-ucrania-legaliza-a-cannabis-medicinal-um-grande-passo-em-frente-para-os-pacientes-e-a-sociedade\/\",\"url\":\"https:\/\/weedy.fr\/blog\/pt\/a-ucrania-legaliza-a-cannabis-medicinal-um-grande-passo-em-frente-para-os-pacientes-e-a-sociedade\/\",\"name\":\"A Ucr\u00e2nia legaliza a cannabis medicinal: um grande passo em frente para os pacientes e a sociedade - Actualit\u00e9s CBD Blog - Weedy.fr\",\"isPartOf\":{\"@id\":\"https:\/\/weedy.fr\/blog\/#website\"},\"primaryImageOfPage\":{\"@id\":\"https:\/\/weedy.fr\/blog\/pt\/a-ucrania-legaliza-a-cannabis-medicinal-um-grande-passo-em-frente-para-os-pacientes-e-a-sociedade\/#primaryimage\"},\"image\":{\"@id\":\"https:\/\/weedy.fr\/blog\/pt\/a-ucrania-legaliza-a-cannabis-medicinal-um-grande-passo-em-frente-para-os-pacientes-e-a-sociedade\/#primaryimage\"},\"thumbnailUrl\":\"https:\/\/weedy.fr\/blog\/wp-content\/uploads\/2024\/01\/lukraine-legalise-le-cannabis-medical-une-avancee-majeure-pour-les-patients-et-la-societe.jpg\",\"datePublished\":\"2024-09-17T15:41:13+00:00\",\"dateModified\":\"2024-09-17T15:41:14+00:00\",\"breadcrumb\":{\"@id\":\"https:\/\/weedy.fr\/blog\/pt\/a-ucrania-legaliza-a-cannabis-medicinal-um-grande-passo-em-frente-para-os-pacientes-e-a-sociedade\/#breadcrumb\"},\"inLanguage\":\"fr-FR\",\"potentialAction\":[{\"@type\":\"ReadAction\",\"target\":[\"https:\/\/weedy.fr\/blog\/pt\/a-ucrania-legaliza-a-cannabis-medicinal-um-grande-passo-em-frente-para-os-pacientes-e-a-sociedade\/\"]}]},{\"@type\":\"ImageObject\",\"inLanguage\":\"fr-FR\",\"@id\":\"https:\/\/weedy.fr\/blog\/pt\/a-ucrania-legaliza-a-cannabis-medicinal-um-grande-passo-em-frente-para-os-pacientes-e-a-sociedade\/#primaryimage\",\"url\":\"https:\/\/weedy.fr\/blog\/wp-content\/uploads\/2024\/01\/lukraine-legalise-le-cannabis-medical-une-avancee-majeure-pour-les-patients-et-la-societe.jpg\",\"contentUrl\":\"https:\/\/weedy.fr\/blog\/wp-content\/uploads\/2024\/01\/lukraine-legalise-le-cannabis-medical-une-avancee-majeure-pour-les-patients-et-la-societe.jpg\",\"width\":1456,\"height\":832,\"caption\":\"L'Ukraine l\u00e9galise le cannabis m\u00e9dical&nbsp;: une avanc\u00e9e majeure pour les patients et la soci\u00e9t\u00e9\"},{\"@type\":\"BreadcrumbList\",\"@id\":\"https:\/\/weedy.fr\/blog\/pt\/a-ucrania-legaliza-a-cannabis-medicinal-um-grande-passo-em-frente-para-os-pacientes-e-a-sociedade\/#breadcrumb\",\"itemListElement\":[{\"@type\":\"ListItem\",\"position\":1,\"name\":\"CBD Blog\",\"item\":\"https:\/\/weedy.fr\/blog\/\"},{\"@type\":\"ListItem\",\"position\":2,\"name\":\"Not\u00edcias sobre CBD\",\"item\":\"https:\/\/weedy.fr\/blog\/category\/noticias-sobre-cbd-pt\/\"},{\"@type\":\"ListItem\",\"position\":3,\"name\":\"A Ucr\u00e2nia legaliza a cannabis medicinal: um grande passo em frente para os pacientes e a sociedade\"}]},{\"@type\":\"WebSite\",\"@id\":\"https:\/\/weedy.fr\/blog\/#website\",\"url\":\"https:\/\/weedy.fr\/blog\/\",\"name\":\"Actualit\u00e9s CBD Blog - Weedy.fr\",\"description\":\"Le meilleur de l&#039;actualit\u00e9 du CBD et du chanvre en France\",\"publisher\":{\"@id\":\"https:\/\/weedy.fr\/blog\/#organization\"},\"alternateName\":\"Weedy.fr\",\"potentialAction\":[{\"@type\":\"SearchAction\",\"target\":{\"@type\":\"EntryPoint\",\"urlTemplate\":\"https:\/\/weedy.fr\/blog\/?s={search_term_string}\"},\"query-input\":{\"@type\":\"PropertyValueSpecification\",\"valueRequired\":true,\"valueName\":\"search_term_string\"}}],\"inLanguage\":\"fr-FR\"},{\"@type\":\"Organization\",\"@id\":\"https:\/\/weedy.fr\/blog\/#organization\",\"name\":\"Weedy.fr\",\"alternateName\":\"Weedy.fr\",\"url\":\"https:\/\/weedy.fr\/blog\/\",\"logo\":{\"@type\":\"ImageObject\",\"inLanguage\":\"fr-FR\",\"@id\":\"https:\/\/weedy.fr\/blog\/#\/schema\/logo\/image\/\",\"url\":\"https:\/\/weedy.fr\/blog\/wp-content\/uploads\/2024\/05\/logo-carre.jpg\",\"contentUrl\":\"https:\/\/weedy.fr\/blog\/wp-content\/uploads\/2024\/05\/logo-carre.jpg\",\"width\":582,\"height\":582,\"caption\":\"Weedy.fr\"},\"image\":{\"@id\":\"https:\/\/weedy.fr\/blog\/#\/schema\/logo\/image\/\"},\"sameAs\":[\"https:\/\/www.facebook.com\/weedysocial\",\"https:\/\/www.instagram.com\/weedyfrance\/\"],\"description\":\"Leader en france sur la vente de produits \u00e0 base de CBD\",\"email\":\"support@weedy.fr\",\"telephone\":\"0187651030\",\"legalName\":\"Weedy.fr\"},{\"@type\":\"Person\",\"@id\":\"https:\/\/weedy.fr\/blog\/#\/schema\/person\/72583fcd87d7cf46afe11d530945bc7e\",\"name\":\"Julien Cordobes\",\"image\":{\"@type\":\"ImageObject\",\"inLanguage\":\"fr-FR\",\"@id\":\"https:\/\/weedy.fr\/blog\/#\/schema\/person\/image\/\",\"url\":\"https:\/\/secure.gravatar.com\/avatar\/39c7124515a22e18b96324fe7087f17d145ba095086413a586717853860bd09b?s=96&d=mm&r=g\",\"contentUrl\":\"https:\/\/secure.gravatar.com\/avatar\/39c7124515a22e18b96324fe7087f17d145ba095086413a586717853860bd09b?s=96&d=mm&r=g\",\"caption\":\"Julien Cordobes\"},\"description\":\"R\u00e9dacteur en chef sp\u00e9cialis\u00e9 en CBD Julien, n\u00e9 le 17 juillet 1978 en r\u00e9gion Parisienne, est un \u00e9minent r\u00e9dacteur et expert dans le domaine des produits \u00e0 base de CBD. Suite \u00e0 ses \u00e9tudes en biologie et en m\u00e9decine alternative, Julien a d\u00e9velopp\u00e9 une passion pour les rem\u00e8des naturels, dont le CBD. En 2022, il int\u00e8gre l\u2019\u00e9quipe du site Weedy.fr en qualit\u00e9 d\u2019expert et de contributeur r\u00e9gulier. Gr\u00e2ce \u00e0 son expertise scientifique et une \u00e9criture claire, Julien aide \u00e0 d\u00e9mystifier les aspects complexes du CBD, tout en mettant en lumi\u00e8re ses bienfaits et applications potentielles \u00e0 travers ses articles et participations \u00e0 des conf\u00e9rences.\",\"sameAs\":[\"https:\/\/weedy.fr\",\"https:\/\/www.facebook.com\/weedysocial\/\",\"https:\/\/www.instagram.com\/weedyfrance\",\"https:\/\/www.pinterest.fr\/WeedyFrance\/\"],\"honorificPrefix\":\"Mr\",\"birthDate\":\"1978-07-17\",\"gender\":\"male\",\"knowsAbout\":[\"CBD\",\"Cannabis\",\"Copywriter\"],\"knowsLanguage\":[\"French\"],\"jobTitle\":\"Editor-in-chief specializing in CBD\",\"worksFor\":\"Weedy.fr\",\"url\":\"https:\/\/weedy.fr\/blog\/author\/cbd_blog_owner\/\"}]}<\/script>\n<!-- \/ Yoast SEO Premium plugin. -->","yoast_head_json":{"title":"A Ucr\u00e2nia legaliza a cannabis medicinal: um grande passo em frente para os pacientes e a sociedade - Actualit\u00e9s CBD Blog - Weedy.fr","robots":{"index":"index","follow":"follow","max-snippet":"max-snippet:-1","max-image-preview":"max-image-preview:large","max-video-preview":"max-video-preview:-1"},"canonical":"https:\/\/weedy.fr\/blog\/pt\/a-ucrania-legaliza-a-cannabis-medicinal-um-grande-passo-em-frente-para-os-pacientes-e-a-sociedade\/","og_locale":"fr_FR","og_type":"article","og_title":"\ud83c\udf31A Ucr\u00e2nia legaliza a cannabis medicinal: um grande passo em frente para os pacientes e a sociedade - Weedy.Fr\ud83c\udf31","og_description":"Em dezembro de 2023, a Ucr\u00e2nia atingiu um marco na pol\u00edtica de drogas ao legalizar a cannabis medicinal. Esta decis\u00e3o hist\u00f3rica abre novas perspectivas para muitos pacientes que sofrem de dores cr\u00f3nicas, epilepsia, cancro e outras patologias suscept\u00edveis de serem tratadas por esta planta com muitas virtudes terap\u00eauticas. Neste artigo, explicaremos a voc\u00ea o que [&hellip;]","og_url":"https:\/\/weedy.fr\/blog\/pt\/a-ucrania-legaliza-a-cannabis-medicinal-um-grande-passo-em-frente-para-os-pacientes-e-a-sociedade\/","og_site_name":"Actualit\u00e9s CBD Blog - Weedy.fr","article_publisher":"https:\/\/www.facebook.com\/weedysocial","article_author":"https:\/\/www.facebook.com\/weedysocial\/","article_published_time":"2024-09-17T15:41:13+00:00","article_modified_time":"2024-09-17T15:41:14+00:00","og_image":[{"width":1456,"height":832,"url":"https:\/\/weedy.fr\/blog\/wp-content\/uploads\/2024\/01\/lukraine-legalise-le-cannabis-medical-une-avancee-majeure-pour-les-patients-et-la-societe.jpg","type":"image\/jpeg"}],"author":"Julien Cordobes","twitter_card":"summary_large_image","twitter_misc":{"\u00c9crit par":"Julien Cordobes","Dur\u00e9e de lecture estim\u00e9e":"3 minutes"},"schema":{"@context":"https:\/\/schema.org","@graph":[{"@type":"Article","@id":"https:\/\/weedy.fr\/blog\/pt\/a-ucrania-legaliza-a-cannabis-medicinal-um-grande-passo-em-frente-para-os-pacientes-e-a-sociedade\/#article","isPartOf":{"@id":"https:\/\/weedy.fr\/blog\/pt\/a-ucrania-legaliza-a-cannabis-medicinal-um-grande-passo-em-frente-para-os-pacientes-e-a-sociedade\/"},"author":{"name":"Julien Cordobes","@id":"https:\/\/weedy.fr\/blog\/#\/schema\/person\/72583fcd87d7cf46afe11d530945bc7e"},"headline":"A Ucr\u00e2nia legaliza a cannabis medicinal: um grande passo em frente para os pacientes e a sociedade","datePublished":"2024-09-17T15:41:13+00:00","dateModified":"2024-09-17T15:41:14+00:00","mainEntityOfPage":{"@id":"https:\/\/weedy.fr\/blog\/pt\/a-ucrania-legaliza-a-cannabis-medicinal-um-grande-passo-em-frente-para-os-pacientes-e-a-sociedade\/"},"wordCount":590,"publisher":{"@id":"https:\/\/weedy.fr\/blog\/#organization"},"image":{"@id":"https:\/\/weedy.fr\/blog\/pt\/a-ucrania-legaliza-a-cannabis-medicinal-um-grande-passo-em-frente-para-os-pacientes-e-a-sociedade\/#primaryimage"},"thumbnailUrl":"https:\/\/weedy.fr\/blog\/wp-content\/uploads\/2024\/01\/lukraine-legalise-le-cannabis-medical-une-avancee-majeure-pour-les-patients-et-la-societe.jpg","articleSection":["Not\u00edcias sobre CBD"],"inLanguage":"fr-FR"},{"@type":"WebPage","@id":"https:\/\/weedy.fr\/blog\/pt\/a-ucrania-legaliza-a-cannabis-medicinal-um-grande-passo-em-frente-para-os-pacientes-e-a-sociedade\/","url":"https:\/\/weedy.fr\/blog\/pt\/a-ucrania-legaliza-a-cannabis-medicinal-um-grande-passo-em-frente-para-os-pacientes-e-a-sociedade\/","name":"A Ucr\u00e2nia legaliza a cannabis medicinal: um grande passo em frente para os pacientes e a sociedade - Actualit\u00e9s CBD Blog - Weedy.fr","isPartOf":{"@id":"https:\/\/weedy.fr\/blog\/#website"},"primaryImageOfPage":{"@id":"https:\/\/weedy.fr\/blog\/pt\/a-ucrania-legaliza-a-cannabis-medicinal-um-grande-passo-em-frente-para-os-pacientes-e-a-sociedade\/#primaryimage"},"image":{"@id":"https:\/\/weedy.fr\/blog\/pt\/a-ucrania-legaliza-a-cannabis-medicinal-um-grande-passo-em-frente-para-os-pacientes-e-a-sociedade\/#primaryimage"},"thumbnailUrl":"https:\/\/weedy.fr\/blog\/wp-content\/uploads\/2024\/01\/lukraine-legalise-le-cannabis-medical-une-avancee-majeure-pour-les-patients-et-la-societe.jpg","datePublished":"2024-09-17T15:41:13+00:00","dateModified":"2024-09-17T15:41:14+00:00","breadcrumb":{"@id":"https:\/\/weedy.fr\/blog\/pt\/a-ucrania-legaliza-a-cannabis-medicinal-um-grande-passo-em-frente-para-os-pacientes-e-a-sociedade\/#breadcrumb"},"inLanguage":"fr-FR","potentialAction":[{"@type":"ReadAction","target":["https:\/\/weedy.fr\/blog\/pt\/a-ucrania-legaliza-a-cannabis-medicinal-um-grande-passo-em-frente-para-os-pacientes-e-a-sociedade\/"]}]},{"@type":"ImageObject","inLanguage":"fr-FR","@id":"https:\/\/weedy.fr\/blog\/pt\/a-ucrania-legaliza-a-cannabis-medicinal-um-grande-passo-em-frente-para-os-pacientes-e-a-sociedade\/#primaryimage","url":"https:\/\/weedy.fr\/blog\/wp-content\/uploads\/2024\/01\/lukraine-legalise-le-cannabis-medical-une-avancee-majeure-pour-les-patients-et-la-societe.jpg","contentUrl":"https:\/\/weedy.fr\/blog\/wp-content\/uploads\/2024\/01\/lukraine-legalise-le-cannabis-medical-une-avancee-majeure-pour-les-patients-et-la-societe.jpg","width":1456,"height":832,"caption":"L'Ukraine l\u00e9galise le cannabis m\u00e9dical&nbsp;: une avanc\u00e9e majeure pour les patients et la soci\u00e9t\u00e9"},{"@type":"BreadcrumbList","@id":"https:\/\/weedy.fr\/blog\/pt\/a-ucrania-legaliza-a-cannabis-medicinal-um-grande-passo-em-frente-para-os-pacientes-e-a-sociedade\/#breadcrumb","itemListElement":[{"@type":"ListItem","position":1,"name":"CBD Blog","item":"https:\/\/weedy.fr\/blog\/"},{"@type":"ListItem","position":2,"name":"Not\u00edcias sobre CBD","item":"https:\/\/weedy.fr\/blog\/category\/noticias-sobre-cbd-pt\/"},{"@type":"ListItem","position":3,"name":"A Ucr\u00e2nia legaliza a cannabis medicinal: um grande passo em frente para os pacientes e a sociedade"}]},{"@type":"WebSite","@id":"https:\/\/weedy.fr\/blog\/#website","url":"https:\/\/weedy.fr\/blog\/","name":"Actualit\u00e9s CBD Blog - Weedy.fr","description":"Le meilleur de l&#039;actualit\u00e9 du CBD et du chanvre en France","publisher":{"@id":"https:\/\/weedy.fr\/blog\/#organization"},"alternateName":"Weedy.fr","potentialAction":[{"@type":"SearchAction","target":{"@type":"EntryPoint","urlTemplate":"https:\/\/weedy.fr\/blog\/?s={search_term_string}"},"query-input":{"@type":"PropertyValueSpecification","valueRequired":true,"valueName":"search_term_string"}}],"inLanguage":"fr-FR"},{"@type":"Organization","@id":"https:\/\/weedy.fr\/blog\/#organization","name":"Weedy.fr","alternateName":"Weedy.fr","url":"https:\/\/weedy.fr\/blog\/","logo":{"@type":"ImageObject","inLanguage":"fr-FR","@id":"https:\/\/weedy.fr\/blog\/#\/schema\/logo\/image\/","url":"https:\/\/weedy.fr\/blog\/wp-content\/uploads\/2024\/05\/logo-carre.jpg","contentUrl":"https:\/\/weedy.fr\/blog\/wp-content\/uploads\/2024\/05\/logo-carre.jpg","width":582,"height":582,"caption":"Weedy.fr"},"image":{"@id":"https:\/\/weedy.fr\/blog\/#\/schema\/logo\/image\/"},"sameAs":["https:\/\/www.facebook.com\/weedysocial","https:\/\/www.instagram.com\/weedyfrance\/"],"description":"Leader en france sur la vente de produits \u00e0 base de CBD","email":"support@weedy.fr","telephone":"0187651030","legalName":"Weedy.fr"},{"@type":"Person","@id":"https:\/\/weedy.fr\/blog\/#\/schema\/person\/72583fcd87d7cf46afe11d530945bc7e","name":"Julien Cordobes","image":{"@type":"ImageObject","inLanguage":"fr-FR","@id":"https:\/\/weedy.fr\/blog\/#\/schema\/person\/image\/","url":"https:\/\/secure.gravatar.com\/avatar\/39c7124515a22e18b96324fe7087f17d145ba095086413a586717853860bd09b?s=96&d=mm&r=g","contentUrl":"https:\/\/secure.gravatar.com\/avatar\/39c7124515a22e18b96324fe7087f17d145ba095086413a586717853860bd09b?s=96&d=mm&r=g","caption":"Julien Cordobes"},"description":"R\u00e9dacteur en chef sp\u00e9cialis\u00e9 en CBD Julien, n\u00e9 le 17 juillet 1978 en r\u00e9gion Parisienne, est un \u00e9minent r\u00e9dacteur et expert dans le domaine des produits \u00e0 base de CBD. Suite \u00e0 ses \u00e9tudes en biologie et en m\u00e9decine alternative, Julien a d\u00e9velopp\u00e9 une passion pour les rem\u00e8des naturels, dont le CBD. En 2022, il int\u00e8gre l\u2019\u00e9quipe du site Weedy.fr en qualit\u00e9 d\u2019expert et de contributeur r\u00e9gulier. Gr\u00e2ce \u00e0 son expertise scientifique et une \u00e9criture claire, Julien aide \u00e0 d\u00e9mystifier les aspects complexes du CBD, tout en mettant en lumi\u00e8re ses bienfaits et applications potentielles \u00e0 travers ses articles et participations \u00e0 des conf\u00e9rences.","sameAs":["https:\/\/weedy.fr","https:\/\/www.facebook.com\/weedysocial\/","https:\/\/www.instagram.com\/weedyfrance","https:\/\/www.pinterest.fr\/WeedyFrance\/"],"honorificPrefix":"Mr","birthDate":"1978-07-17","gender":"male","knowsAbout":["CBD","Cannabis","Copywriter"],"knowsLanguage":["French"],"jobTitle":"Editor-in-chief specializing in CBD","worksFor":"Weedy.fr","url":"https:\/\/weedy.fr\/blog\/author\/cbd_blog_owner\/"}]}},"_links":{"self":[{"href":"https:\/\/weedy.fr\/blog\/wp-json\/wp\/v2\/posts\/359448","targetHints":{"allow":["GET"]}}],"collection":[{"href":"https:\/\/weedy.fr\/blog\/wp-json\/wp\/v2\/posts"}],"about":[{"href":"https:\/\/weedy.fr\/blog\/wp-json\/wp\/v2\/types\/post"}],"author":[{"embeddable":true,"href":"https:\/\/weedy.fr\/blog\/wp-json\/wp\/v2\/users\/41"}],"replies":[{"embeddable":true,"href":"https:\/\/weedy.fr\/blog\/wp-json\/wp\/v2\/comments?post=359448"}],"version-history":[{"count":1,"href":"https:\/\/weedy.fr\/blog\/wp-json\/wp\/v2\/posts\/359448\/revisions"}],"predecessor-version":[{"id":359449,"href":"https:\/\/weedy.fr\/blog\/wp-json\/wp\/v2\/posts\/359448\/revisions\/359449"}],"wp:featuredmedia":[{"embeddable":true,"href":"https:\/\/weedy.fr\/blog\/wp-json\/wp\/v2\/media\/352041"}],"wp:attachment":[{"href":"https:\/\/weedy.fr\/blog\/wp-json\/wp\/v2\/media?parent=359448"}],"wp:term":[{"taxonomy":"category","embeddable":true,"href":"https:\/\/weedy.fr\/blog\/wp-json\/wp\/v2\/categories?post=359448"},{"taxonomy":"post_tag","embeddable":true,"href":"https:\/\/weedy.fr\/blog\/wp-json\/wp\/v2\/tags?post=359448"}],"curies":[{"name":"wp","href":"https:\/\/api.w.org\/{rel}","templated":true}]}}