{"id":359664,"date":"2024-09-17T17:45:05","date_gmt":"2024-09-17T15:45:05","guid":{"rendered":"https:\/\/weedy.fr\/blog\/?p=359664"},"modified":"2024-09-17T17:45:05","modified_gmt":"2024-09-17T15:45:05","slug":"interacoes-entre-cbd-e-otite-media-o-que-voce-precisa-saber","status":"publish","type":"post","link":"https:\/\/weedy.fr\/blog\/pt\/interacoes-entre-cbd-e-otite-media-o-que-voce-precisa-saber\/","title":{"rendered":"Intera\u00e7\u00f5es entre CBD e otite m\u00e9dia: o que voc\u00ea precisa saber"},"content":{"rendered":"<p>A otite m\u00e9dia \u00e9 uma infec\u00e7\u00e3o de ouvido comum que afeta principalmente crian\u00e7as e pode causar fortes dores e problemas auditivos. Diante dessa condi\u00e7\u00e3o, cada vez mais pessoas recorrem a alternativas naturais como o canabidiol (<a href=\"https:\/\/weedy.fr\" data-internallinksmanager029f6b8e52c=\"1\" title=\"CBD - cannabidiol\">CBD<\/a>) para aliviar os sintomas. Este artigo explora as potenciais intera\u00e7\u00f5es entre o <a href=\"https:\/\/weedy.fr\" data-internallinksmanager029f6b8e52c=\"1\" title=\"CBD - cannabidiol\">CBD<\/a> e a otite m\u00e9dia para fornecer informa\u00e7\u00f5es valiosas aos leitores interessados \u200b\u200bneste t\u00f3pico.<\/p>\n<div id=\"ez-toc-container\" class=\"ez-toc-v2_0_80 counter-hierarchy ez-toc-counter ez-toc-grey ez-toc-container-direction\">\n<div class=\"ez-toc-title-container\">\n<p class=\"ez-toc-title\" style=\"cursor:inherit\">Sommaire<\/p>\n<span class=\"ez-toc-title-toggle\"><a href=\"#\" class=\"ez-toc-pull-right ez-toc-btn ez-toc-btn-xs ez-toc-btn-default ez-toc-toggle\" aria-label=\"Toggle Table of Content\"><span class=\"ez-toc-js-icon-con\"><span class=\"\"><span class=\"eztoc-hide\" style=\"display:none;\">Toggle<\/span><span class=\"ez-toc-icon-toggle-span\"><svg style=\"fill: #43b981;color:#43b981\" xmlns=\"http:\/\/www.w3.org\/2000\/svg\" class=\"list-377408\" width=\"20px\" height=\"20px\" viewBox=\"0 0 24 24\" fill=\"none\"><path d=\"M6 6H4v2h2V6zm14 0H8v2h12V6zM4 11h2v2H4v-2zm16 0H8v2h12v-2zM4 16h2v2H4v-2zm16 0H8v2h12v-2z\" fill=\"currentColor\"><\/path><\/svg><svg style=\"fill: #43b981;color:#43b981\" class=\"arrow-unsorted-368013\" xmlns=\"http:\/\/www.w3.org\/2000\/svg\" width=\"10px\" height=\"10px\" viewBox=\"0 0 24 24\" version=\"1.2\" baseProfile=\"tiny\"><path d=\"M18.2 9.3l-6.2-6.3-6.2 6.3c-.2.2-.3.4-.3.7s.1.5.3.7c.2.2.4.3.7.3h11c.3 0 .5-.1.7-.3.2-.2.3-.5.3-.7s-.1-.5-.3-.7zM5.8 14.7l6.2 6.3 6.2-6.3c.2-.2.3-.5.3-.7s-.1-.5-.3-.7c-.2-.2-.4-.3-.7-.3h-11c-.3 0-.5.1-.7.3-.2.2-.3.5-.3.7s.1.5.3.7z\"\/><\/svg><\/span><\/span><\/span><\/a><\/span><\/div>\n<nav><ul class='ez-toc-list ez-toc-list-level-1 ' ><li class='ez-toc-page-1 ez-toc-heading-level-2'><a class=\"ez-toc-link ez-toc-heading-1\" href=\"https:\/\/weedy.fr\/blog\/pt\/interacoes-entre-cbd-e-otite-media-o-que-voce-precisa-saber\/#O_que_e_otite_media\" >O que \u00e9 otite m\u00e9dia?<\/a><ul class='ez-toc-list-level-3' ><li class='ez-toc-heading-level-3'><a class=\"ez-toc-link ez-toc-heading-2\" href=\"https:\/\/weedy.fr\/blog\/pt\/interacoes-entre-cbd-e-otite-media-o-que-voce-precisa-saber\/#Sintomas_de_otite_media_aguda\" >Sintomas de otite m\u00e9dia aguda<\/a><\/li><\/ul><\/li><li class='ez-toc-page-1 ez-toc-heading-level-2'><a class=\"ez-toc-link ez-toc-heading-3\" href=\"https:\/\/weedy.fr\/blog\/pt\/interacoes-entre-cbd-e-otite-media-o-que-voce-precisa-saber\/#O_tratamento_classico_da_otite_media\" >O tratamento cl\u00e1ssico da otite m\u00e9dia<\/a><\/li><li class='ez-toc-page-1 ez-toc-heading-level-2'><a class=\"ez-toc-link ez-toc-heading-4\" href=\"https:\/\/weedy.fr\/blog\/pt\/interacoes-entre-cbd-e-otite-media-o-que-voce-precisa-saber\/#CBD_uma_alternativa_natural_para_aliviar_os_sintomas_da_otite_media\" >CBD: uma alternativa natural para aliviar os sintomas da otite m\u00e9dia?<\/a><ul class='ez-toc-list-level-3' ><li class='ez-toc-heading-level-3'><a class=\"ez-toc-link ez-toc-heading-5\" href=\"https:\/\/weedy.fr\/blog\/pt\/interacoes-entre-cbd-e-otite-media-o-que-voce-precisa-saber\/#Propriedades_anti-inflamatorias_do_CBD\" >Propriedades anti-inflamat\u00f3rias do CBD<\/a><\/li><li class='ez-toc-page-1 ez-toc-heading-level-3'><a class=\"ez-toc-link ez-toc-heading-6\" href=\"https:\/\/weedy.fr\/blog\/pt\/interacoes-entre-cbd-e-otite-media-o-que-voce-precisa-saber\/#Efeitos_analgesicos_do_CBD\" >Efeitos analg\u00e9sicos do CBD<\/a><\/li><li class='ez-toc-page-1 ez-toc-heading-level-3'><a class=\"ez-toc-link ez-toc-heading-7\" href=\"https:\/\/weedy.fr\/blog\/pt\/interacoes-entre-cbd-e-otite-media-o-que-voce-precisa-saber\/#Seguranca_e_tolerancia_do_CBD\" >Seguran\u00e7a e toler\u00e2ncia do CBD<\/a><\/li><\/ul><\/li><li class='ez-toc-page-1 ez-toc-heading-level-2'><a class=\"ez-toc-link ez-toc-heading-8\" href=\"https:\/\/weedy.fr\/blog\/pt\/interacoes-entre-cbd-e-otite-media-o-que-voce-precisa-saber\/#Consideracoes_importantes_ao_usar_CBD_para_otite_media\" >Considera\u00e7\u00f5es importantes ao usar CBD para otite m\u00e9dia<\/a><ul class='ez-toc-list-level-3' ><li class='ez-toc-heading-level-3'><a class=\"ez-toc-link ez-toc-heading-9\" href=\"https:\/\/weedy.fr\/blog\/pt\/interacoes-entre-cbd-e-otite-media-o-que-voce-precisa-saber\/#Consulta_medica_previa\" >Consulta m\u00e9dica pr\u00e9via<\/a><\/li><li class='ez-toc-page-1 ez-toc-heading-level-3'><a class=\"ez-toc-link ez-toc-heading-10\" href=\"https:\/\/weedy.fr\/blog\/pt\/interacoes-entre-cbd-e-otite-media-o-que-voce-precisa-saber\/#Interacao_com_drogas\" >Intera\u00e7\u00e3o com drogas<\/a><\/li><li class='ez-toc-page-1 ez-toc-heading-level-3'><a class=\"ez-toc-link ez-toc-heading-11\" href=\"https:\/\/weedy.fr\/blog\/pt\/interacoes-entre-cbd-e-otite-media-o-que-voce-precisa-saber\/#Escolha_de_produtos_de_qualidade\" >Escolha de produtos de qualidade<\/a><\/li><\/ul><\/li><\/ul><\/nav><\/div>\n<h2><span class=\"ez-toc-section\" id=\"O_que_e_otite_media\"><\/span>O que \u00e9 otite m\u00e9dia?<span class=\"ez-toc-section-end\"><\/span><\/h2>\n<p>eu&rsquo;<strong>otite m\u00e9dia \u00e9 inflama\u00e7\u00e3o do meio da orelha<\/strong> frequentemente causada por uma infec\u00e7\u00e3o bacteriana ou viral. Geralmente ocorre ap\u00f3s um resfriado, sinusite ou faringite, quando germes infecciosos se espalham do trato respirat\u00f3rio superior para o ouvido atrav\u00e9s da trompa de Eust\u00e1quio.<\/p>\n<p>Esta infec\u00e7\u00e3o causa <strong>dor, sensa\u00e7\u00e3o de congest\u00e3o,<\/strong> febre e, \u00e0s vezes, perda auditiva tempor\u00e1ria. Em crian\u00e7as, a otite m\u00e9dia pode causar choro incomum, aumento da irritabilidade, dificuldade para dormir e dificuldade para comer devido \u00e0 dor ao engolir.<\/p>\n<h3><span class=\"ez-toc-section\" id=\"Sintomas_de_otite_media_aguda\"><\/span>Sintomas de otite m\u00e9dia aguda<span class=\"ez-toc-section-end\"><\/span><\/h3>\n<ul>\n<li>Dor no ouvido<\/li>\n<li>Forte sensa\u00e7\u00e3o de congestionamento<\/li>\n<li>Febre<\/li>\n<li>Perda auditiva tempor\u00e1ria<\/li>\n<\/ul>\n<h2><span class=\"ez-toc-section\" id=\"O_tratamento_classico_da_otite_media\"><\/span>O tratamento cl\u00e1ssico da otite m\u00e9dia<span class=\"ez-toc-section-end\"><\/span><\/h2>\n<p>O tratamento habitual da otite m\u00e9dia varia de acordo com a idade do paciente e a gravidade dos sintomas. Em muitos casos, os m\u00e9dicos prescrevem <strong>antibi\u00f3ticos<\/strong> para lutar contra a infec\u00e7\u00e3o bacteriana. Contudo, \u00e9 importante notar que esta abordagem nem sempre \u00e9 eficaz, pois a infec\u00e7\u00e3o pode ser viral e n\u00e3o responder aos antibi\u00f3ticos.<\/p>\n<p>O <strong>antiinflamat\u00f3rios n\u00e3o ester\u00f3ides (AINEs)<\/strong> ou paracetamol s\u00e3o frequentemente recomendados para controlar a dor e reduzir a febre. Al\u00e9m disso, medicamentos descongestionantes podem ajudar a aliviar a congest\u00e3o e promover a cura, permitindo uma melhor sa\u00edda de l\u00edquido do ouvido m\u00e9dio.<\/p>\n<h2><span class=\"ez-toc-section\" id=\"CBD_uma_alternativa_natural_para_aliviar_os_sintomas_da_otite_media\"><\/span>CBD: uma alternativa natural para aliviar os sintomas da otite m\u00e9dia?<span class=\"ez-toc-section-end\"><\/span><\/h2>\n<p>O canabidiol, mais conhecido como <a href=\"https:\/\/weedy.fr\" data-internallinksmanager029f6b8e52c=\"1\" title=\"CBD - cannabidiol\">CBD<\/a>, \u00e9 uma subst\u00e2ncia extra\u00edda da can\u00e1bis que est\u00e1 a atrair um interesse crescente pelas suas propriedades medicinais. Ao contr\u00e1rio do THC, o composto psicoativo respons\u00e1vel pela sensa\u00e7\u00e3o de \u201ceuforia\u201d t\u00edpica da cannabis, <strong>CBD n\u00e3o produz efeito psicotr\u00f3pico<\/strong>.<\/p>\n<h3><span class=\"ez-toc-section\" id=\"Propriedades_anti-inflamatorias_do_CBD\"><\/span>Propriedades anti-inflamat\u00f3rias do CBD<span class=\"ez-toc-section-end\"><\/span><\/h3>\n<p>Numerosos estudos demonstraram que o CBD tem <strong>propriedades anti-inflamat\u00f3rias<\/strong>, tornando-se um tratamento potencial para diversas condi\u00e7\u00f5es associadas \u00e0 inflama\u00e7\u00e3o, incluindo otite m\u00e9dia. Ao reduzir a inflama\u00e7\u00e3o no ouvido m\u00e9dio, o CBD pode ajudar a aliviar a dor e promover a cura da infec\u00e7\u00e3o.<\/p>\n<h3><span class=\"ez-toc-section\" id=\"Efeitos_analgesicos_do_CBD\"><\/span>Efeitos analg\u00e9sicos do CBD<span class=\"ez-toc-section-end\"><\/span><\/h3>\n<p>O CBD tamb\u00e9m \u00e9 conhecido pelos seus efeitos analg\u00e9sicos, o que significa que pode ajudar <strong>regular a percep\u00e7\u00e3o da dor<\/strong> ao n\u00edvel do sistema nervoso central. Isto sugere que o CBD pode oferecer algum al\u00edvio aos pacientes com otite m\u00e9dia que sofrem de dores intensas. \u00c9 poss\u00edvel que o CBD substitua ou complemente os analg\u00e9sicos tradicionais utilizados para tratar esta condi\u00e7\u00e3o.<\/p>\n<h3><span class=\"ez-toc-section\" id=\"Seguranca_e_tolerancia_do_CBD\"><\/span>Seguran\u00e7a e toler\u00e2ncia do CBD<span class=\"ez-toc-section-end\"><\/span><\/h3>\n<p>A investiga\u00e7\u00e3o sobre o CBD indica que \u00e9 geralmente bem tolerado pela maioria das pessoas e <strong>tem baixo risco de efeitos colaterais<\/strong>. Em compara\u00e7\u00e3o com medicamentos farmac\u00eauticos normalmente prescritos para tratar a otite m\u00e9dia, o CBD pode ser considerado uma op\u00e7\u00e3o mais segura e suave para gerir os sintomas associados a esta infec\u00e7\u00e3o.<\/p>\n<h2><span class=\"ez-toc-section\" id=\"Consideracoes_importantes_ao_usar_CBD_para_otite_media\"><\/span>Considera\u00e7\u00f5es importantes ao usar CBD para otite m\u00e9dia<span class=\"ez-toc-section-end\"><\/span><\/h2>\n<p>Embora o CBD possa parecer uma op\u00e7\u00e3o promissora para o tratamento da otite m\u00e9dia, \u00e9 essencial ter em mente algumas considera\u00e7\u00f5es importantes.<\/p>\n<h3><span class=\"ez-toc-section\" id=\"Consulta_medica_previa\"><\/span>Consulta m\u00e9dica pr\u00e9via<span class=\"ez-toc-section-end\"><\/span><\/h3>\n<p><strong>Consulte sempre um profissional de sa\u00fade<\/strong> antes de come\u00e7ar a usar CBD para otite m\u00e9dia ou qualquer outra condi\u00e7\u00e3o m\u00e9dica. Um m\u00e9dico poder\u00e1 avaliar os sintomas, fazer um diagn\u00f3stico preciso e sugerir o tratamento mais adequado. Al\u00e9m disso, ele poder\u00e1 monitorar a progress\u00e3o da infec\u00e7\u00e3o e ajustar o tratamento de acordo.<\/p>\n<h3><span class=\"ez-toc-section\" id=\"Interacao_com_drogas\"><\/span>Intera\u00e7\u00e3o com drogas<span class=\"ez-toc-section-end\"><\/span><\/h3>\n<p>O CBD pode interagir com certos medicamentos, incluindo antibi\u00f3ticos e AINEs comumente prescritos para tratar a otite m\u00e9dia. Essas intera\u00e7\u00f5es podem <strong>mudar a forma como essas drogas s\u00e3o metabolizadas<\/strong> no corpo e potencialmente influenciar a sua efic\u00e1cia. Portanto, \u00e9 crucial discutir o uso concomitante de CBD e medicamentos prescritos com um m\u00e9dico para evitar complica\u00e7\u00f5es.<\/p>\n<h3><span class=\"ez-toc-section\" id=\"Escolha_de_produtos_de_qualidade\"><\/span>Escolha de produtos de qualidade<span class=\"ez-toc-section-end\"><\/span><\/h3>\n<p>Quando se trata de escolher um produto CBD, \u00e9 importante favorecer marcas conceituadas que submetam os seus produtos a testes rigorosos e independentes. Isto n\u00e3o s\u00f3 garante a qualidade e efic\u00e1cia do CBD, mas tamb\u00e9m a sua seguran\u00e7a e inocuidade para a sa\u00fade.<\/p>\n<p>Em resumo, as intera\u00e7\u00f5es entre o CBD e a otite m\u00e9dia s\u00e3o de interesse crescente devido \u00e0s propriedades medicinais do canabidiol. Embora se mostre promissor no al\u00edvio da dor e inflama\u00e7\u00e3o relacionadas com esta infec\u00e7\u00e3o no ouvido, \u00e9 imperativo consultar um profissional de sa\u00fade antes de utilizar o CBD neste contexto e escolher produtos de qualidade para garantir resultados \u00f3ptimos.<\/p>\n","protected":false},"excerpt":{"rendered":"<p>A otite m\u00e9dia \u00e9 uma infec\u00e7\u00e3o de ouvido comum que afeta principalmente crian\u00e7as e pode causar fortes dores e problemas auditivos. Diante dessa condi\u00e7\u00e3o, cada vez mais pessoas recorrem a alternativas naturais como o canabidiol (CBD) para aliviar os sintomas. Este artigo explora as potenciais intera\u00e7\u00f5es entre o CBD e a otite m\u00e9dia para fornecer [&hellip;]<\/p>\n","protected":false},"author":41,"featured_media":352072,"comment_status":"closed","ping_status":"open","sticky":false,"template":"","format":"standard","meta":{"_sitemap_exclude":false,"_sitemap_priority":"","_sitemap_frequency":"","footnotes":""},"categories":[672],"tags":[],"class_list":["post-359664","post","type-post","status-publish","format-standard","has-post-thumbnail","hentry","category-saude-e-bem-estar-pt"],"yoast_head":"<!-- This site is optimized with the Yoast SEO Premium plugin v26.9 (Yoast SEO v26.9) - https:\/\/yoast.com\/product\/yoast-seo-premium-wordpress\/ -->\n<title>Intera\u00e7\u00f5es entre CBD e otite m\u00e9dia: o que voc\u00ea precisa saber - Actualit\u00e9s CBD Blog - Weedy.fr<\/title>\n<meta name=\"robots\" content=\"index, follow, max-snippet:-1, max-image-preview:large, max-video-preview:-1\" \/>\n<link rel=\"canonical\" href=\"https:\/\/weedy.fr\/blog\/pt\/interacoes-entre-cbd-e-otite-media-o-que-voce-precisa-saber\/\" \/>\n<meta property=\"og:locale\" content=\"fr_FR\" \/>\n<meta property=\"og:type\" content=\"article\" \/>\n<meta property=\"og:title\" content=\"\ud83c\udf31Intera\u00e7\u00f5es entre CBD e otite m\u00e9dia: o que voc\u00ea precisa saber - Weedy.Fr\ud83c\udf31\" \/>\n<meta property=\"og:description\" content=\"A otite m\u00e9dia \u00e9 uma infec\u00e7\u00e3o de ouvido comum que afeta principalmente crian\u00e7as e pode causar fortes dores e problemas auditivos. Diante dessa condi\u00e7\u00e3o, cada vez mais pessoas recorrem a alternativas naturais como o canabidiol (CBD) para aliviar os sintomas. Este artigo explora as potenciais intera\u00e7\u00f5es entre o CBD e a otite m\u00e9dia para fornecer [&hellip;]\" \/>\n<meta property=\"og:url\" content=\"https:\/\/weedy.fr\/blog\/pt\/interacoes-entre-cbd-e-otite-media-o-que-voce-precisa-saber\/\" \/>\n<meta property=\"og:site_name\" content=\"Actualit\u00e9s CBD Blog - Weedy.fr\" \/>\n<meta property=\"article:publisher\" content=\"https:\/\/www.facebook.com\/weedysocial\" \/>\n<meta property=\"article:author\" content=\"https:\/\/www.facebook.com\/weedysocial\/\" \/>\n<meta property=\"article:published_time\" content=\"2024-09-17T15:45:05+00:00\" \/>\n<meta property=\"og:image\" content=\"https:\/\/weedy.fr\/blog\/wp-content\/uploads\/2024\/01\/les-interactions-entre-le-cbd-et-lotite-moyenne-ce-que-vous-devez-savoir.jpg\" \/>\n\t<meta property=\"og:image:width\" content=\"1456\" \/>\n\t<meta property=\"og:image:height\" content=\"832\" \/>\n\t<meta property=\"og:image:type\" content=\"image\/jpeg\" \/>\n<meta name=\"author\" content=\"Julien Cordobes\" \/>\n<meta name=\"twitter:card\" content=\"summary_large_image\" \/>\n<meta name=\"twitter:label1\" content=\"\u00c9crit par\" \/>\n\t<meta name=\"twitter:data1\" content=\"Julien Cordobes\" \/>\n\t<meta name=\"twitter:label2\" content=\"Dur\u00e9e de lecture estim\u00e9e\" \/>\n\t<meta name=\"twitter:data2\" content=\"4 minutes\" \/>\n<script type=\"application\/ld+json\" class=\"yoast-schema-graph\">{\"@context\":\"https:\/\/schema.org\",\"@graph\":[{\"@type\":\"Article\",\"@id\":\"https:\/\/weedy.fr\/blog\/pt\/interacoes-entre-cbd-e-otite-media-o-que-voce-precisa-saber\/#article\",\"isPartOf\":{\"@id\":\"https:\/\/weedy.fr\/blog\/pt\/interacoes-entre-cbd-e-otite-media-o-que-voce-precisa-saber\/\"},\"author\":{\"name\":\"Julien Cordobes\",\"@id\":\"https:\/\/weedy.fr\/blog\/#\/schema\/person\/72583fcd87d7cf46afe11d530945bc7e\"},\"headline\":\"Intera\u00e7\u00f5es entre CBD e otite m\u00e9dia: o que voc\u00ea precisa saber\",\"datePublished\":\"2024-09-17T15:45:05+00:00\",\"mainEntityOfPage\":{\"@id\":\"https:\/\/weedy.fr\/blog\/pt\/interacoes-entre-cbd-e-otite-media-o-que-voce-precisa-saber\/\"},\"wordCount\":851,\"publisher\":{\"@id\":\"https:\/\/weedy.fr\/blog\/#organization\"},\"image\":{\"@id\":\"https:\/\/weedy.fr\/blog\/pt\/interacoes-entre-cbd-e-otite-media-o-que-voce-precisa-saber\/#primaryimage\"},\"thumbnailUrl\":\"https:\/\/weedy.fr\/blog\/wp-content\/uploads\/2024\/01\/les-interactions-entre-le-cbd-et-lotite-moyenne-ce-que-vous-devez-savoir.jpg\",\"articleSection\":[\"Sa\u00fade e Bem-estar\"],\"inLanguage\":\"fr-FR\"},{\"@type\":\"WebPage\",\"@id\":\"https:\/\/weedy.fr\/blog\/pt\/interacoes-entre-cbd-e-otite-media-o-que-voce-precisa-saber\/\",\"url\":\"https:\/\/weedy.fr\/blog\/pt\/interacoes-entre-cbd-e-otite-media-o-que-voce-precisa-saber\/\",\"name\":\"Intera\u00e7\u00f5es entre CBD e otite m\u00e9dia: o que voc\u00ea precisa saber - Actualit\u00e9s CBD Blog - Weedy.fr\",\"isPartOf\":{\"@id\":\"https:\/\/weedy.fr\/blog\/#website\"},\"primaryImageOfPage\":{\"@id\":\"https:\/\/weedy.fr\/blog\/pt\/interacoes-entre-cbd-e-otite-media-o-que-voce-precisa-saber\/#primaryimage\"},\"image\":{\"@id\":\"https:\/\/weedy.fr\/blog\/pt\/interacoes-entre-cbd-e-otite-media-o-que-voce-precisa-saber\/#primaryimage\"},\"thumbnailUrl\":\"https:\/\/weedy.fr\/blog\/wp-content\/uploads\/2024\/01\/les-interactions-entre-le-cbd-et-lotite-moyenne-ce-que-vous-devez-savoir.jpg\",\"datePublished\":\"2024-09-17T15:45:05+00:00\",\"breadcrumb\":{\"@id\":\"https:\/\/weedy.fr\/blog\/pt\/interacoes-entre-cbd-e-otite-media-o-que-voce-precisa-saber\/#breadcrumb\"},\"inLanguage\":\"fr-FR\",\"potentialAction\":[{\"@type\":\"ReadAction\",\"target\":[\"https:\/\/weedy.fr\/blog\/pt\/interacoes-entre-cbd-e-otite-media-o-que-voce-precisa-saber\/\"]}]},{\"@type\":\"ImageObject\",\"inLanguage\":\"fr-FR\",\"@id\":\"https:\/\/weedy.fr\/blog\/pt\/interacoes-entre-cbd-e-otite-media-o-que-voce-precisa-saber\/#primaryimage\",\"url\":\"https:\/\/weedy.fr\/blog\/wp-content\/uploads\/2024\/01\/les-interactions-entre-le-cbd-et-lotite-moyenne-ce-que-vous-devez-savoir.jpg\",\"contentUrl\":\"https:\/\/weedy.fr\/blog\/wp-content\/uploads\/2024\/01\/les-interactions-entre-le-cbd-et-lotite-moyenne-ce-que-vous-devez-savoir.jpg\",\"width\":1456,\"height\":832,\"caption\":\"Les interactions entre le CBD et l'otite moyenne : ce que vous devez savoir\"},{\"@type\":\"BreadcrumbList\",\"@id\":\"https:\/\/weedy.fr\/blog\/pt\/interacoes-entre-cbd-e-otite-media-o-que-voce-precisa-saber\/#breadcrumb\",\"itemListElement\":[{\"@type\":\"ListItem\",\"position\":1,\"name\":\"CBD Blog\",\"item\":\"https:\/\/weedy.fr\/blog\/\"},{\"@type\":\"ListItem\",\"position\":2,\"name\":\"Sa\u00fade e Bem-estar\",\"item\":\"https:\/\/weedy.fr\/blog\/category\/saude-e-bem-estar-pt\/\"},{\"@type\":\"ListItem\",\"position\":3,\"name\":\"Intera\u00e7\u00f5es entre CBD e otite m\u00e9dia: o que voc\u00ea precisa saber\"}]},{\"@type\":\"WebSite\",\"@id\":\"https:\/\/weedy.fr\/blog\/#website\",\"url\":\"https:\/\/weedy.fr\/blog\/\",\"name\":\"Actualit\u00e9s CBD Blog - Weedy.fr\",\"description\":\"Le meilleur de l&#039;actualit\u00e9 du CBD et du chanvre en France\",\"publisher\":{\"@id\":\"https:\/\/weedy.fr\/blog\/#organization\"},\"alternateName\":\"Weedy.fr\",\"potentialAction\":[{\"@type\":\"SearchAction\",\"target\":{\"@type\":\"EntryPoint\",\"urlTemplate\":\"https:\/\/weedy.fr\/blog\/?s={search_term_string}\"},\"query-input\":{\"@type\":\"PropertyValueSpecification\",\"valueRequired\":true,\"valueName\":\"search_term_string\"}}],\"inLanguage\":\"fr-FR\"},{\"@type\":\"Organization\",\"@id\":\"https:\/\/weedy.fr\/blog\/#organization\",\"name\":\"Weedy.fr\",\"alternateName\":\"Weedy.fr\",\"url\":\"https:\/\/weedy.fr\/blog\/\",\"logo\":{\"@type\":\"ImageObject\",\"inLanguage\":\"fr-FR\",\"@id\":\"https:\/\/weedy.fr\/blog\/#\/schema\/logo\/image\/\",\"url\":\"https:\/\/weedy.fr\/blog\/wp-content\/uploads\/2024\/05\/logo-carre.jpg\",\"contentUrl\":\"https:\/\/weedy.fr\/blog\/wp-content\/uploads\/2024\/05\/logo-carre.jpg\",\"width\":582,\"height\":582,\"caption\":\"Weedy.fr\"},\"image\":{\"@id\":\"https:\/\/weedy.fr\/blog\/#\/schema\/logo\/image\/\"},\"sameAs\":[\"https:\/\/www.facebook.com\/weedysocial\",\"https:\/\/www.instagram.com\/weedyfrance\/\"],\"description\":\"Leader en france sur la vente de produits \u00e0 base de CBD\",\"email\":\"support@weedy.fr\",\"telephone\":\"0187651030\",\"legalName\":\"Weedy.fr\"},{\"@type\":\"Person\",\"@id\":\"https:\/\/weedy.fr\/blog\/#\/schema\/person\/72583fcd87d7cf46afe11d530945bc7e\",\"name\":\"Julien Cordobes\",\"image\":{\"@type\":\"ImageObject\",\"inLanguage\":\"fr-FR\",\"@id\":\"https:\/\/weedy.fr\/blog\/#\/schema\/person\/image\/\",\"url\":\"https:\/\/secure.gravatar.com\/avatar\/39c7124515a22e18b96324fe7087f17d145ba095086413a586717853860bd09b?s=96&d=mm&r=g\",\"contentUrl\":\"https:\/\/secure.gravatar.com\/avatar\/39c7124515a22e18b96324fe7087f17d145ba095086413a586717853860bd09b?s=96&d=mm&r=g\",\"caption\":\"Julien Cordobes\"},\"description\":\"R\u00e9dacteur en chef sp\u00e9cialis\u00e9 en CBD Julien, n\u00e9 le 17 juillet 1978 en r\u00e9gion Parisienne, est un \u00e9minent r\u00e9dacteur et expert dans le domaine des produits \u00e0 base de CBD. Suite \u00e0 ses \u00e9tudes en biologie et en m\u00e9decine alternative, Julien a d\u00e9velopp\u00e9 une passion pour les rem\u00e8des naturels, dont le CBD. En 2022, il int\u00e8gre l\u2019\u00e9quipe du site Weedy.fr en qualit\u00e9 d\u2019expert et de contributeur r\u00e9gulier. Gr\u00e2ce \u00e0 son expertise scientifique et une \u00e9criture claire, Julien aide \u00e0 d\u00e9mystifier les aspects complexes du CBD, tout en mettant en lumi\u00e8re ses bienfaits et applications potentielles \u00e0 travers ses articles et participations \u00e0 des conf\u00e9rences.\",\"sameAs\":[\"https:\/\/weedy.fr\",\"https:\/\/www.facebook.com\/weedysocial\/\",\"https:\/\/www.instagram.com\/weedyfrance\",\"https:\/\/www.pinterest.fr\/WeedyFrance\/\"],\"honorificPrefix\":\"Mr\",\"birthDate\":\"1978-07-17\",\"gender\":\"male\",\"knowsAbout\":[\"CBD\",\"Cannabis\",\"Copywriter\"],\"knowsLanguage\":[\"French\"],\"jobTitle\":\"Editor-in-chief specializing in CBD\",\"worksFor\":\"Weedy.fr\",\"url\":\"https:\/\/weedy.fr\/blog\/author\/cbd_blog_owner\/\"}]}<\/script>\n<!-- \/ Yoast SEO Premium plugin. -->","yoast_head_json":{"title":"Intera\u00e7\u00f5es entre CBD e otite m\u00e9dia: o que voc\u00ea precisa saber - Actualit\u00e9s CBD Blog - Weedy.fr","robots":{"index":"index","follow":"follow","max-snippet":"max-snippet:-1","max-image-preview":"max-image-preview:large","max-video-preview":"max-video-preview:-1"},"canonical":"https:\/\/weedy.fr\/blog\/pt\/interacoes-entre-cbd-e-otite-media-o-que-voce-precisa-saber\/","og_locale":"fr_FR","og_type":"article","og_title":"\ud83c\udf31Intera\u00e7\u00f5es entre CBD e otite m\u00e9dia: o que voc\u00ea precisa saber - Weedy.Fr\ud83c\udf31","og_description":"A otite m\u00e9dia \u00e9 uma infec\u00e7\u00e3o de ouvido comum que afeta principalmente crian\u00e7as e pode causar fortes dores e problemas auditivos. Diante dessa condi\u00e7\u00e3o, cada vez mais pessoas recorrem a alternativas naturais como o canabidiol (CBD) para aliviar os sintomas. Este artigo explora as potenciais intera\u00e7\u00f5es entre o CBD e a otite m\u00e9dia para fornecer [&hellip;]","og_url":"https:\/\/weedy.fr\/blog\/pt\/interacoes-entre-cbd-e-otite-media-o-que-voce-precisa-saber\/","og_site_name":"Actualit\u00e9s CBD Blog - Weedy.fr","article_publisher":"https:\/\/www.facebook.com\/weedysocial","article_author":"https:\/\/www.facebook.com\/weedysocial\/","article_published_time":"2024-09-17T15:45:05+00:00","og_image":[{"width":1456,"height":832,"url":"https:\/\/weedy.fr\/blog\/wp-content\/uploads\/2024\/01\/les-interactions-entre-le-cbd-et-lotite-moyenne-ce-que-vous-devez-savoir.jpg","type":"image\/jpeg"}],"author":"Julien Cordobes","twitter_card":"summary_large_image","twitter_misc":{"\u00c9crit par":"Julien Cordobes","Dur\u00e9e de lecture estim\u00e9e":"4 minutes"},"schema":{"@context":"https:\/\/schema.org","@graph":[{"@type":"Article","@id":"https:\/\/weedy.fr\/blog\/pt\/interacoes-entre-cbd-e-otite-media-o-que-voce-precisa-saber\/#article","isPartOf":{"@id":"https:\/\/weedy.fr\/blog\/pt\/interacoes-entre-cbd-e-otite-media-o-que-voce-precisa-saber\/"},"author":{"name":"Julien Cordobes","@id":"https:\/\/weedy.fr\/blog\/#\/schema\/person\/72583fcd87d7cf46afe11d530945bc7e"},"headline":"Intera\u00e7\u00f5es entre CBD e otite m\u00e9dia: o que voc\u00ea precisa saber","datePublished":"2024-09-17T15:45:05+00:00","mainEntityOfPage":{"@id":"https:\/\/weedy.fr\/blog\/pt\/interacoes-entre-cbd-e-otite-media-o-que-voce-precisa-saber\/"},"wordCount":851,"publisher":{"@id":"https:\/\/weedy.fr\/blog\/#organization"},"image":{"@id":"https:\/\/weedy.fr\/blog\/pt\/interacoes-entre-cbd-e-otite-media-o-que-voce-precisa-saber\/#primaryimage"},"thumbnailUrl":"https:\/\/weedy.fr\/blog\/wp-content\/uploads\/2024\/01\/les-interactions-entre-le-cbd-et-lotite-moyenne-ce-que-vous-devez-savoir.jpg","articleSection":["Sa\u00fade e Bem-estar"],"inLanguage":"fr-FR"},{"@type":"WebPage","@id":"https:\/\/weedy.fr\/blog\/pt\/interacoes-entre-cbd-e-otite-media-o-que-voce-precisa-saber\/","url":"https:\/\/weedy.fr\/blog\/pt\/interacoes-entre-cbd-e-otite-media-o-que-voce-precisa-saber\/","name":"Intera\u00e7\u00f5es entre CBD e otite m\u00e9dia: o que voc\u00ea precisa saber - Actualit\u00e9s CBD Blog - Weedy.fr","isPartOf":{"@id":"https:\/\/weedy.fr\/blog\/#website"},"primaryImageOfPage":{"@id":"https:\/\/weedy.fr\/blog\/pt\/interacoes-entre-cbd-e-otite-media-o-que-voce-precisa-saber\/#primaryimage"},"image":{"@id":"https:\/\/weedy.fr\/blog\/pt\/interacoes-entre-cbd-e-otite-media-o-que-voce-precisa-saber\/#primaryimage"},"thumbnailUrl":"https:\/\/weedy.fr\/blog\/wp-content\/uploads\/2024\/01\/les-interactions-entre-le-cbd-et-lotite-moyenne-ce-que-vous-devez-savoir.jpg","datePublished":"2024-09-17T15:45:05+00:00","breadcrumb":{"@id":"https:\/\/weedy.fr\/blog\/pt\/interacoes-entre-cbd-e-otite-media-o-que-voce-precisa-saber\/#breadcrumb"},"inLanguage":"fr-FR","potentialAction":[{"@type":"ReadAction","target":["https:\/\/weedy.fr\/blog\/pt\/interacoes-entre-cbd-e-otite-media-o-que-voce-precisa-saber\/"]}]},{"@type":"ImageObject","inLanguage":"fr-FR","@id":"https:\/\/weedy.fr\/blog\/pt\/interacoes-entre-cbd-e-otite-media-o-que-voce-precisa-saber\/#primaryimage","url":"https:\/\/weedy.fr\/blog\/wp-content\/uploads\/2024\/01\/les-interactions-entre-le-cbd-et-lotite-moyenne-ce-que-vous-devez-savoir.jpg","contentUrl":"https:\/\/weedy.fr\/blog\/wp-content\/uploads\/2024\/01\/les-interactions-entre-le-cbd-et-lotite-moyenne-ce-que-vous-devez-savoir.jpg","width":1456,"height":832,"caption":"Les interactions entre le CBD et l'otite moyenne : ce que vous devez savoir"},{"@type":"BreadcrumbList","@id":"https:\/\/weedy.fr\/blog\/pt\/interacoes-entre-cbd-e-otite-media-o-que-voce-precisa-saber\/#breadcrumb","itemListElement":[{"@type":"ListItem","position":1,"name":"CBD Blog","item":"https:\/\/weedy.fr\/blog\/"},{"@type":"ListItem","position":2,"name":"Sa\u00fade e Bem-estar","item":"https:\/\/weedy.fr\/blog\/category\/saude-e-bem-estar-pt\/"},{"@type":"ListItem","position":3,"name":"Intera\u00e7\u00f5es entre CBD e otite m\u00e9dia: o que voc\u00ea precisa saber"}]},{"@type":"WebSite","@id":"https:\/\/weedy.fr\/blog\/#website","url":"https:\/\/weedy.fr\/blog\/","name":"Actualit\u00e9s CBD Blog - Weedy.fr","description":"Le meilleur de l&#039;actualit\u00e9 du CBD et du chanvre en France","publisher":{"@id":"https:\/\/weedy.fr\/blog\/#organization"},"alternateName":"Weedy.fr","potentialAction":[{"@type":"SearchAction","target":{"@type":"EntryPoint","urlTemplate":"https:\/\/weedy.fr\/blog\/?s={search_term_string}"},"query-input":{"@type":"PropertyValueSpecification","valueRequired":true,"valueName":"search_term_string"}}],"inLanguage":"fr-FR"},{"@type":"Organization","@id":"https:\/\/weedy.fr\/blog\/#organization","name":"Weedy.fr","alternateName":"Weedy.fr","url":"https:\/\/weedy.fr\/blog\/","logo":{"@type":"ImageObject","inLanguage":"fr-FR","@id":"https:\/\/weedy.fr\/blog\/#\/schema\/logo\/image\/","url":"https:\/\/weedy.fr\/blog\/wp-content\/uploads\/2024\/05\/logo-carre.jpg","contentUrl":"https:\/\/weedy.fr\/blog\/wp-content\/uploads\/2024\/05\/logo-carre.jpg","width":582,"height":582,"caption":"Weedy.fr"},"image":{"@id":"https:\/\/weedy.fr\/blog\/#\/schema\/logo\/image\/"},"sameAs":["https:\/\/www.facebook.com\/weedysocial","https:\/\/www.instagram.com\/weedyfrance\/"],"description":"Leader en france sur la vente de produits \u00e0 base de CBD","email":"support@weedy.fr","telephone":"0187651030","legalName":"Weedy.fr"},{"@type":"Person","@id":"https:\/\/weedy.fr\/blog\/#\/schema\/person\/72583fcd87d7cf46afe11d530945bc7e","name":"Julien Cordobes","image":{"@type":"ImageObject","inLanguage":"fr-FR","@id":"https:\/\/weedy.fr\/blog\/#\/schema\/person\/image\/","url":"https:\/\/secure.gravatar.com\/avatar\/39c7124515a22e18b96324fe7087f17d145ba095086413a586717853860bd09b?s=96&d=mm&r=g","contentUrl":"https:\/\/secure.gravatar.com\/avatar\/39c7124515a22e18b96324fe7087f17d145ba095086413a586717853860bd09b?s=96&d=mm&r=g","caption":"Julien Cordobes"},"description":"R\u00e9dacteur en chef sp\u00e9cialis\u00e9 en CBD Julien, n\u00e9 le 17 juillet 1978 en r\u00e9gion Parisienne, est un \u00e9minent r\u00e9dacteur et expert dans le domaine des produits \u00e0 base de CBD. Suite \u00e0 ses \u00e9tudes en biologie et en m\u00e9decine alternative, Julien a d\u00e9velopp\u00e9 une passion pour les rem\u00e8des naturels, dont le CBD. En 2022, il int\u00e8gre l\u2019\u00e9quipe du site Weedy.fr en qualit\u00e9 d\u2019expert et de contributeur r\u00e9gulier. Gr\u00e2ce \u00e0 son expertise scientifique et une \u00e9criture claire, Julien aide \u00e0 d\u00e9mystifier les aspects complexes du CBD, tout en mettant en lumi\u00e8re ses bienfaits et applications potentielles \u00e0 travers ses articles et participations \u00e0 des conf\u00e9rences.","sameAs":["https:\/\/weedy.fr","https:\/\/www.facebook.com\/weedysocial\/","https:\/\/www.instagram.com\/weedyfrance","https:\/\/www.pinterest.fr\/WeedyFrance\/"],"honorificPrefix":"Mr","birthDate":"1978-07-17","gender":"male","knowsAbout":["CBD","Cannabis","Copywriter"],"knowsLanguage":["French"],"jobTitle":"Editor-in-chief specializing in CBD","worksFor":"Weedy.fr","url":"https:\/\/weedy.fr\/blog\/author\/cbd_blog_owner\/"}]}},"_links":{"self":[{"href":"https:\/\/weedy.fr\/blog\/wp-json\/wp\/v2\/posts\/359664","targetHints":{"allow":["GET"]}}],"collection":[{"href":"https:\/\/weedy.fr\/blog\/wp-json\/wp\/v2\/posts"}],"about":[{"href":"https:\/\/weedy.fr\/blog\/wp-json\/wp\/v2\/types\/post"}],"author":[{"embeddable":true,"href":"https:\/\/weedy.fr\/blog\/wp-json\/wp\/v2\/users\/41"}],"replies":[{"embeddable":true,"href":"https:\/\/weedy.fr\/blog\/wp-json\/wp\/v2\/comments?post=359664"}],"version-history":[{"count":1,"href":"https:\/\/weedy.fr\/blog\/wp-json\/wp\/v2\/posts\/359664\/revisions"}],"predecessor-version":[{"id":359665,"href":"https:\/\/weedy.fr\/blog\/wp-json\/wp\/v2\/posts\/359664\/revisions\/359665"}],"wp:featuredmedia":[{"embeddable":true,"href":"https:\/\/weedy.fr\/blog\/wp-json\/wp\/v2\/media\/352072"}],"wp:attachment":[{"href":"https:\/\/weedy.fr\/blog\/wp-json\/wp\/v2\/media?parent=359664"}],"wp:term":[{"taxonomy":"category","embeddable":true,"href":"https:\/\/weedy.fr\/blog\/wp-json\/wp\/v2\/categories?post=359664"},{"taxonomy":"post_tag","embeddable":true,"href":"https:\/\/weedy.fr\/blog\/wp-json\/wp\/v2\/tags?post=359664"}],"curies":[{"name":"wp","href":"https:\/\/api.w.org\/{rel}","templated":true}]}}