{"id":365692,"date":"2026-04-10T09:02:12","date_gmt":"2026-04-10T07:02:12","guid":{"rendered":"https:\/\/weedy.fr\/blog\/?p=365692"},"modified":"2026-04-28T16:22:36","modified_gmt":"2026-04-28T14:22:36","slug":"les-nouvelles-etudes-de-2026-le-cbd-au-service-de-la-lutte-contre-la-chute-des-cheveux-6","status":"publish","type":"post","link":"https:\/\/weedy.fr\/blog\/es\/les-nouvelles-etudes-de-2026-le-cbd-au-service-de-la-lutte-contre-la-chute-des-cheveux-6\/","title":{"rendered":"Les nuevos estudios de 2026: \u00bfel cbd al servicio de la lucha contra la ca\u00edda del cabello?"},"content":{"rendered":"<p>El a\u00f1o 2026 marca un punto de inflexi\u00f3n para la investigaci\u00f3n sobre el <strong><a href=\"https:\/\/weedy.fr\" data-internallinksmanager029f6b8e52c=\"1\" title=\"CBD - cannabidiol\">cbd<\/a><\/strong> y sus aplicaciones en dermatolog\u00eda, especialmente frente a la <strong>p\u00e9rdida de cabello<\/strong>. Los recientes descubrimientos refuerzan el inter\u00e9s del p\u00fablico y de los profesionales por este <strong>cannabinoide popular<\/strong>. Los investigadores se centran particularmente en sus efectos potenciales sobre los <strong>fol\u00edculos pilosos<\/strong>, la <strong>alopecia<\/strong>, as\u00ed como en la <strong>recuperaci\u00f3n del cabello<\/strong>.<\/p>\n\n<div id=\"ez-toc-container\" class=\"ez-toc-v2_0_82_2 counter-hierarchy ez-toc-counter ez-toc-grey ez-toc-container-direction\">\n<div class=\"ez-toc-title-container\">\n<p class=\"ez-toc-title\" style=\"cursor:inherit\">Sommaire<\/p>\n<span class=\"ez-toc-title-toggle\"><a href=\"#\" class=\"ez-toc-pull-right ez-toc-btn ez-toc-btn-xs ez-toc-btn-default ez-toc-toggle\" aria-label=\"Toggle Table of Content\"><span class=\"ez-toc-js-icon-con\"><span class=\"\"><span class=\"eztoc-hide\" style=\"display:none;\">Toggle<\/span><span class=\"ez-toc-icon-toggle-span\"><svg style=\"fill: #43b981;color:#43b981\" xmlns=\"http:\/\/www.w3.org\/2000\/svg\" class=\"list-377408\" width=\"20px\" height=\"20px\" viewBox=\"0 0 24 24\" fill=\"none\"><path d=\"M6 6H4v2h2V6zm14 0H8v2h12V6zM4 11h2v2H4v-2zm16 0H8v2h12v-2zM4 16h2v2H4v-2zm16 0H8v2h12v-2z\" fill=\"currentColor\"><\/path><\/svg><svg style=\"fill: #43b981;color:#43b981\" class=\"arrow-unsorted-368013\" xmlns=\"http:\/\/www.w3.org\/2000\/svg\" width=\"10px\" height=\"10px\" viewBox=\"0 0 24 24\" version=\"1.2\" baseProfile=\"tiny\"><path d=\"M18.2 9.3l-6.2-6.3-6.2 6.3c-.2.2-.3.4-.3.7s.1.5.3.7c.2.2.4.3.7.3h11c.3 0 .5-.1.7-.3.2-.2.3-.5.3-.7s-.1-.5-.3-.7zM5.8 14.7l6.2 6.3 6.2-6.3c.2-.2.3-.5.3-.7s-.1-.5-.3-.7c-.2-.2-.4-.3-.7-.3h-11c-.3 0-.5.1-.7.3-.2.2-.3.5-.3.7s.1.5.3.7z\"\/><\/svg><\/span><\/span><\/span><\/a><\/span><\/div>\n<nav><ul class='ez-toc-list ez-toc-list-level-1 ' ><li class='ez-toc-page-1 ez-toc-heading-level-2'><a class=\"ez-toc-link ez-toc-heading-1\" href=\"https:\/\/weedy.fr\/blog\/es\/les-nouvelles-etudes-de-2026-le-cbd-au-service-de-la-lutte-contre-la-chute-des-cheveux-6\/#%C2%BFQue_lecciones_se_pueden_extraer_de_los_ultimos_estudios_cientificos_sobre_el_cbd_y_la_perdida_de_cabello\" >\u00bfQu\u00e9 lecciones se pueden extraer de los \u00faltimos estudios cient\u00edficos sobre el cbd y la p\u00e9rdida de cabello?<\/a><ul class='ez-toc-list-level-3' ><li class='ez-toc-heading-level-3'><a class=\"ez-toc-link ez-toc-heading-2\" href=\"https:\/\/weedy.fr\/blog\/es\/les-nouvelles-etudes-de-2026-le-cbd-au-service-de-la-lutte-contre-la-chute-des-cheveux-6\/#Entender_el_sistema_endocannabinoide_de_los_foliculos_pilosos\" >Entender el sistema endocannabinoide de los fol\u00edculos pilosos<\/a><\/li><li class='ez-toc-page-1 ez-toc-heading-level-3'><a class=\"ez-toc-link ez-toc-heading-3\" href=\"https:\/\/weedy.fr\/blog\/es\/les-nouvelles-etudes-de-2026-le-cbd-au-service-de-la-lutte-contre-la-chute-des-cheveux-6\/#El_analisis_de_los_datos_clinicos_recientes\" >El an\u00e1lisis de los datos cl\u00ednicos recientes<\/a><\/li><\/ul><\/li><li class='ez-toc-page-1 ez-toc-heading-level-2'><a class=\"ez-toc-link ez-toc-heading-4\" href=\"https:\/\/weedy.fr\/blog\/es\/les-nouvelles-etudes-de-2026-le-cbd-au-service-de-la-lutte-contre-la-chute-des-cheveux-6\/#%C2%BFPor_que_el_cbd_genera_tanta_esperanza_contra_la_alopecia\" >\u00bfPor qu\u00e9 el cbd genera tanta esperanza contra la alopecia?<\/a><ul class='ez-toc-list-level-3' ><li class='ez-toc-heading-level-3'><a class=\"ez-toc-link ez-toc-heading-5\" href=\"https:\/\/weedy.fr\/blog\/es\/les-nouvelles-etudes-de-2026-le-cbd-au-service-de-la-lutte-contre-la-chute-des-cheveux-6\/#%C2%BFQue_beneficios_se_esperan_para_el_cuero_cabelludo\" >\u00bfQu\u00e9 beneficios se esperan para el cuero cabelludo?<\/a><\/li><li class='ez-toc-page-1 ez-toc-heading-level-3'><a class=\"ez-toc-link ez-toc-heading-6\" href=\"https:\/\/weedy.fr\/blog\/es\/les-nouvelles-etudes-de-2026-le-cbd-au-service-de-la-lutte-contre-la-chute-des-cheveux-6\/#Comparacion_con_los_tratamientos_convencionales\" >Comparaci\u00f3n con los tratamientos convencionales<\/a><\/li><\/ul><\/li><li class='ez-toc-page-1 ez-toc-heading-level-2'><a class=\"ez-toc-link ez-toc-heading-7\" href=\"https:\/\/weedy.fr\/blog\/es\/les-nouvelles-etudes-de-2026-le-cbd-au-service-de-la-lutte-contre-la-chute-des-cheveux-6\/#Modos_de_uso_limites_y_perspectivas_de_los_estudios_en_2026\" >Modos de uso, l\u00edmites y perspectivas de los estudios en 2026<\/a><ul class='ez-toc-list-level-3' ><li class='ez-toc-heading-level-3'><a class=\"ez-toc-link ez-toc-heading-8\" href=\"https:\/\/weedy.fr\/blog\/es\/les-nouvelles-etudes-de-2026-le-cbd-au-service-de-la-lutte-contre-la-chute-des-cheveux-6\/#Resultados_reportados_segun_las_categorias_de_usuarios\" >Resultados reportados seg\u00fan las categor\u00edas de usuarios<\/a><\/li><li class='ez-toc-page-1 ez-toc-heading-level-3'><a class=\"ez-toc-link ez-toc-heading-9\" href=\"https:\/\/weedy.fr\/blog\/es\/les-nouvelles-etudes-de-2026-le-cbd-au-service-de-la-lutte-contre-la-chute-des-cheveux-6\/#Precaucion_y_preguntas_abiertas_sobre_el_cbd\" >Precauci\u00f3n y preguntas abiertas sobre el cbd<\/a><\/li><\/ul><\/li><li class='ez-toc-page-1 ez-toc-heading-level-2'><a class=\"ez-toc-link ez-toc-heading-10\" href=\"https:\/\/weedy.fr\/blog\/es\/les-nouvelles-etudes-de-2026-le-cbd-au-service-de-la-lutte-contre-la-chute-des-cheveux-6\/#Preguntas_frecuentes_sobre_el_cbd_y_la_perdida_de_cabello\" >Preguntas frecuentes sobre el cbd y la p\u00e9rdida de cabello<\/a><ul class='ez-toc-list-level-3' ><li class='ez-toc-heading-level-3'><a class=\"ez-toc-link ez-toc-heading-11\" href=\"https:\/\/weedy.fr\/blog\/es\/les-nouvelles-etudes-de-2026-le-cbd-au-service-de-la-lutte-contre-la-chute-des-cheveux-6\/#%C2%BFEl_cbd_es_reconocido_como_un_tratamiento_eficaz_contra_todas_las_formas_de_perdida_de_cabello\" >\u00bfEl cbd es reconocido como un tratamiento eficaz contra todas las formas de p\u00e9rdida de cabello?<\/a><\/li><li class='ez-toc-page-1 ez-toc-heading-level-3'><a class=\"ez-toc-link ez-toc-heading-12\" href=\"https:\/\/weedy.fr\/blog\/es\/les-nouvelles-etudes-de-2026-le-cbd-au-service-de-la-lutte-contre-la-chute-des-cheveux-6\/#%C2%BFComo_aplicar_el_cbd_para_optimizar_la_recuperacion_del_cabello\" >\u00bfC\u00f3mo aplicar el cbd para optimizar la recuperaci\u00f3n del cabello?<\/a><\/li><li class='ez-toc-page-1 ez-toc-heading-level-3'><a class=\"ez-toc-link ez-toc-heading-13\" href=\"https:\/\/weedy.fr\/blog\/es\/les-nouvelles-etudes-de-2026-le-cbd-au-service-de-la-lutte-contre-la-chute-des-cheveux-6\/#%C2%BFQue_precauciones_tomar_antes_de_usar_el_cbd_para_combatir_la_alopecia\" >\u00bfQu\u00e9 precauciones tomar antes de usar el cbd para combatir la alopecia?<\/a><\/li><li class='ez-toc-page-1 ez-toc-heading-level-3'><a class=\"ez-toc-link ez-toc-heading-14\" href=\"https:\/\/weedy.fr\/blog\/es\/les-nouvelles-etudes-de-2026-le-cbd-au-service-de-la-lutte-contre-la-chute-des-cheveux-6\/#%C2%BFSe_puede_combinar_el_cbd_con_otros_suplementos_para_combatir_la_perdida_de_cabello\" >\u00bfSe puede combinar el cbd con otros suplementos para combatir la p\u00e9rdida de cabello?<\/a><\/li><\/ul><\/li><\/ul><\/nav><\/div>\n<h2><span class=\"ez-toc-section\" id=\"%C2%BFQue_lecciones_se_pueden_extraer_de_los_ultimos_estudios_cientificos_sobre_el_cbd_y_la_perdida_de_cabello\"><\/span>\u00bfQu\u00e9 lecciones se pueden extraer de los \u00faltimos estudios cient\u00edficos sobre el cbd y la p\u00e9rdida de cabello?<span class=\"ez-toc-section-end\"><\/span><\/h2>\n<p>Las nuevas investigaciones llevadas a cabo entre 2025 y 2026 examinan minuciosamente las acciones del <strong><a href=\"https:\/\/weedy.fr\" data-internallinksmanager029f6b8e52c=\"1\" title=\"CBD - cannabidiol\">cbd<\/a><\/strong> cuando se aplica en el cuero cabelludo. A trav\u00e9s de diversas metodolog\u00edas, buscan identificar si este <a href=\"https:\/\/weedy.fr\/blog\/cannabinoides-le-cbd-et-le-cannabidiol-sont-ils-la-meme-chose\/\">cannabinoide<\/a> podr\u00eda representar un <strong>tratamiento eficaz<\/strong> contra la p\u00e9rdida capilar tanto en mujeres como en hombres.<\/p>\n<p>La concentraci\u00f3n se ha centrado en la observaci\u00f3n del <strong>sistema endocannabinoide<\/strong> en la piel y su impacto directo en la salud de los <strong>fol\u00edculos pilosos<\/strong>. Estos elementos podr\u00edan desempe\u00f1ar un papel crucial en el ciclo de crecimiento, reposo y <strong>p\u00e9rdida de cabello<\/strong>.<\/p>\n\n<h3><span class=\"ez-toc-section\" id=\"Entender_el_sistema_endocannabinoide_de_los_foliculos_pilosos\"><\/span>Entender el sistema endocannabinoide de los fol\u00edculos pilosos<span class=\"ez-toc-section-end\"><\/span><\/h3>\n<p>Seg\u00fan varias publicaciones recientes, los <strong>fol\u00edculos pilosos<\/strong> tambi\u00e9n tienen receptores del <strong>sistema endocannabinoide<\/strong>. Estos receptores participar\u00edan en la regulaci\u00f3n del <strong>crecimiento capilar<\/strong> pero tambi\u00e9n en el alivio de ciertas <strong>inflamaciones cut\u00e1neas<\/strong> responsables de la <strong>alopecia<\/strong>.<\/p>\n<p>Cuando interact\u00faa con estos receptores, el <strong><a href=\"https:\/\/weedy.fr\" data-internallinksmanager029f6b8e52c=\"1\" title=\"CBD - cannabidiol\">cbd<\/a><\/strong> parece modular las respuestas biol\u00f3gicas asociadas con la <strong>regeneraci\u00f3n celular<\/strong>. Esta acci\u00f3n interesa especialmente a los investigadores que buscan desarrollar una alternativa natural a los tratamientos cl\u00e1sicos.<\/p>\n\n<h3><span class=\"ez-toc-section\" id=\"El_analisis_de_los_datos_clinicos_recientes\"><\/span>El an\u00e1lisis de los datos cl\u00ednicos recientes<span class=\"ez-toc-section-end\"><\/span><\/h3>\n<p>En 2026, varios ensayos cl\u00ednicos reunieron voluntarios con una <strong>p\u00e9rdida de cabello<\/strong> persistente o puntual. Los participantes aplicaron localmente f\u00f3rmulas enriquecidas con <strong>cbd<\/strong>, a veces combinadas con otros <strong>cannabinoides<\/strong> o <strong>suplements<\/strong> destinados a reforzar la fibra capilar.<\/p>\n<p>Adem\u00e1s, se est\u00e1n estudiando los <a href=\"https:\/\/weedy.fr\/effets-therapeutiques-cbd\">efectos terap\u00e9uticos del cannabidiol<\/a> porque parecen apuntar a varios mecanismos involucrados en la protecci\u00f3n de las c\u00e9lulas nerviosas y la reducci\u00f3n de la inflamaci\u00f3n alrededor del fol\u00edculo.<\/p>\n<p>Despu\u00e9s de 12 semanas, algunos grupos observaron una disminuci\u00f3n visible de la <strong>p\u00e9rdida de cabello<\/strong> y, en algunos casos, la aparici\u00f3n de nuevos cabellos en ciertas \u00e1reas despobladas. Estos resultados siguen siendo esperanzadores, incluso si la muestra es limitada y la variabilidad individual sigue siendo importante.<\/p>\n\n<h2><span class=\"ez-toc-section\" id=\"%C2%BFPor_que_el_cbd_genera_tanta_esperanza_contra_la_alopecia\"><\/span>\u00bfPor qu\u00e9 el cbd genera tanta esperanza contra la alopecia?<span class=\"ez-toc-section-end\"><\/span><\/h2>\n<p>El \u00e1mbito cient\u00edfico est\u00e1 formulando cada vez m\u00e1s hip\u00f3tesis sobre la posibilidad de reforzar la <strong>recuperaci\u00f3n del cabello<\/strong> gracias al <strong>cbd<\/strong>. Varios mecanismos se consideran para explicar la acci\u00f3n positiva de este <strong>cannabinoide<\/strong> sobre el cuero cabelludo.<\/p>\n<p>Ya se sabe que la <strong>inflamaci\u00f3n cr\u00f3nica<\/strong> impide el buen funcionamiento de los <strong>fol\u00edculos pilosos<\/strong> y contribuye a diferentes formas de <strong>alopecia<\/strong>. El <strong>cbd<\/strong> tendr\u00eda precisamente propiedades calmantes que permiten aliviar esta <strong>inflamaci\u00f3n local<\/strong>, al tiempo que favorece un entorno propicio para el <strong>crecimiento capilar<\/strong>.<\/p>\n\n<h3><span class=\"ez-toc-section\" id=\"%C2%BFQue_beneficios_se_esperan_para_el_cuero_cabelludo\"><\/span>\u00bfQu\u00e9 beneficios se esperan para el cuero cabelludo?<span class=\"ez-toc-section-end\"><\/span><\/h3>\n<p>Entre los <strong>beneficios del cbd<\/strong> evaluados por la comunidad cient\u00edfica, se encuentran:<\/p>\n<ul>\n  <li><strong>Disminuci\u00f3n de la picaz\u00f3n<\/strong> debido a un cuero cabelludo irritado,<\/li>\n  <li><strong>Reducci\u00f3n del estr\u00e9s oxidante<\/strong> alrededor del fol\u00edculo,<\/li>\n  <li><strong>Normalizaci\u00f3n de la producci\u00f3n de sebo<\/strong>, beneficiosa en casos de alopecia androg\u00e9nica,<\/li>\n  <li><strong>Efecto relajante<\/strong> limitando ciertos episodios de <strong>p\u00e9rdida de cabello<\/strong> relacionados con el estr\u00e9s.<\/li>\n<\/ul>\n<p>Esta pluralidad de acciones lo convierte en un aliado potencial a la hora de tratar las <strong>p\u00e9rdidas difusas<\/strong> o ocasionales, mientras mejora el <strong>confort del cuero cabelludo<\/strong>.<\/p>\n\n<h3><span class=\"ez-toc-section\" id=\"Comparacion_con_los_tratamientos_convencionales\"><\/span>Comparaci\u00f3n con los tratamientos convencionales<span class=\"ez-toc-section-end\"><\/span><\/h3>\n<p>Estos avances no hacen que el <strong>cbd<\/strong> sea una soluci\u00f3n milagrosa ni un sustituto definitivo a los <strong>tratamientos convencionales<\/strong> conocidos contra la <strong>p\u00e9rdida de cabello<\/strong>, como el minoxidil o los medicamentos antiandrog\u00e9nicos. Sin embargo, la percepci\u00f3n de los usuarios est\u00e1 cambiando r\u00e1pidamente debido a un perfil de <strong>efectos secundarios<\/strong> conocido por ser mucho m\u00e1s ligero.<\/p>\n<p>Algunos pacientes notan una mejor tolerancia cuando combinan <strong>cbd en forma t\u00f3pica<\/strong> con rutinas de cuidado que ya contienen <strong>suplements<\/strong> ricos en vitaminas, zinc o hierro. Esta combinaci\u00f3n ofrece una gama de soluciones que aumenta la motivaci\u00f3n de las personas afectadas por la <strong>alopecia<\/strong>.<\/p>\n\n<h2><span class=\"ez-toc-section\" id=\"Modos_de_uso_limites_y_perspectivas_de_los_estudios_en_2026\"><\/span>Modos de uso, l\u00edmites y perspectivas de los estudios en 2026<span class=\"ez-toc-section-end\"><\/span><\/h2>\n<p>Con la explosi\u00f3n del mercado del <strong>cbd<\/strong>, muchos laboratorios est\u00e1n probando sus propias formulaciones espec\u00edficas para la <strong>p\u00e9rdida de cabello<\/strong>. Entre los productos estudiados, se incluyen tanto sueros como lociones o champ\u00fas, enriquecidos con diferentes niveles de <strong>cannabinoides<\/strong>.<\/p>\n<p>El desaf\u00edo ahora consiste en estandarizar las dosis, la frecuencia de aplicaci\u00f3n y determinar qu\u00e9 tipos de <strong>suplements asociados<\/strong> aportan una sinergia medible para cada perfil de paciente.<\/p>\n\n<h3><span class=\"ez-toc-section\" id=\"Resultados_reportados_segun_las_categorias_de_usuarios\"><\/span>Resultados reportados seg\u00fan las categor\u00edas de usuarios<span class=\"ez-toc-section-end\"><\/span><\/h3>\n<p>Una tabla sintetiza, bas\u00e1ndose en los ensayos publicados en 2026, las tendencias observadas entre diferentes perfiles seguidos durante 90 d\u00edas:<\/p>\n<table>\n  <thead>\n    <tr>\n      <th>Categor\u00eda<\/th>\n      <th>Mejora p\u00e9rdida<\/th>\n      <th>Signos de recuperaci\u00f3n<\/th>\n      <th>Tolerancia<\/th>\n    <\/tr>\n  <\/thead>\n  <tbody>\n    <tr>\n      <td><strong>Mujeres (25-35 a\u00f1os)<\/strong><\/td>\n      <td>64 %<\/td>\n      <td>38 %<\/td>\n      <td>Bona<\/td>\n    <\/tr>\n    <tr>\n      <td><strong>Hombres (30-45 a\u00f1os)<\/strong><\/td>\n      <td>58 %<\/td>\n      <td>32 %<\/td>\n      <td>Bona<\/td>\n    <\/tr>\n    <tr>\n      <td><strong>Post-quimioterapia<\/strong><\/td>\n      <td>71 %<\/td>\n      <td>45 %<\/td>\n      <td>Excelente<\/td>\n    <\/tr>\n  <\/tbody>\n<\/table>\n<p>Si los resultados siguen siendo variables seg\u00fan los contextos m\u00e9dicos, sugieren un inter\u00e9s manifiesto por continuar la investigaci\u00f3n y afinar los protocolos en torno al <strong>cbd<\/strong> y los <strong>tratamientos anti-p\u00e9rdida<\/strong>.<\/p>\n\n<h3><span class=\"ez-toc-section\" id=\"Precaucion_y_preguntas_abiertas_sobre_el_cbd\"><\/span>Precauci\u00f3n y preguntas abiertas sobre el cbd<span class=\"ez-toc-section-end\"><\/span><\/h3>\n<p>Apoyas varias limitaciones: la duraci\u00f3n a\u00fan corta de los ensayos, la falta de antecedentes sobre el uso prolongado y la necesidad de comparar rigurosamente estos tratamientos a largo plazo con est\u00e1ndares m\u00e9dicos reconocidos. A esto se suma la cuesti\u00f3n de las <strong>interacciones potenciales<\/strong> cuando se utiliza <strong>cbd<\/strong> paralelamente a otros <strong>suplements<\/strong> o tratamientos medicamentosos.<\/p>\n<p>Los consejos profesionales y el acompa\u00f1amiento m\u00e9dico siguen siendo imprescindibles, ya que cada caso de <strong>alopecia<\/strong> o <strong>p\u00e9rdida de cabello<\/strong> presenta sus propias especificidades y factores agravantes propios de cada individuo.<\/p>\n\n<h2><span class=\"ez-toc-section\" id=\"Preguntas_frecuentes_sobre_el_cbd_y_la_perdida_de_cabello\"><\/span>Preguntas frecuentes sobre el cbd y la p\u00e9rdida de cabello<span class=\"ez-toc-section-end\"><\/span><\/h2>\n\n<div>\n  <div>\n    <h3><span class=\"ez-toc-section\" id=\"%C2%BFEl_cbd_es_reconocido_como_un_tratamiento_eficaz_contra_todas_las_formas_de_perdida_de_cabello\"><\/span>\u00bfEl cbd es reconocido como un tratamiento eficaz contra todas las formas de p\u00e9rdida de cabello?<span class=\"ez-toc-section-end\"><\/span><\/h3>\n    <div><div>\n      <p>En la actualidad, ninguna autoridad m\u00e9dica ha validado el <strong>cbd<\/strong> como <strong>tratamiento universal<\/strong>. Los estudios mencionan un potencial interesante, especialmente para favorecer un entorno propicio para la <strong>recuperaci\u00f3n del cabello<\/strong> o incluso limitar la evoluci\u00f3n de la <strong>alopecia<\/strong>, pero cada caso requiere un enfoque personalizado.<\/p>\n      <ul>\n        <li><strong>Mejor eficacia<\/strong> observada en <strong>p\u00e9rdidas moderadas o iniciales<\/strong><\/li>\n        <li><strong>Beneficios complementarios<\/strong> posibles en asociaci\u00f3n con <strong>suplements<\/strong> adecuados<\/li>\n        <li>Ning\u00fan efecto adverso grave reportado durante las primeras evaluaciones<\/li>\n      <\/ul>\n    <\/div><\/div>\n  <\/div>\n  <div>\n    <h3><span class=\"ez-toc-section\" id=\"%C2%BFComo_aplicar_el_cbd_para_optimizar_la_recuperacion_del_cabello\"><\/span>\u00bfC\u00f3mo aplicar el cbd para optimizar la recuperaci\u00f3n del cabello?<span class=\"ez-toc-section-end\"><\/span><\/h3>\n    <div><div>\n      <p>La <strong>aplicaci\u00f3n local<\/strong> sigue siendo actualmente la preferida, en forma de suero, loci\u00f3n o aceite dirigido a las \u00e1reas afectadas. Una regularidad diaria, con masajes suaves para estimular la <strong>microcirculaci\u00f3n del cuero cabelludo<\/strong>, suele dar los mejores resultados seg\u00fan las observaciones de 2026.<\/p>\n      <ol>\n        <li>Elegir una f\u00f3rmula adecuada rica en <strong>cannabinoides<\/strong><\/li>\n        <li>Respetar la dosificaci\u00f3n recomendada por el fabricante o el profesional de salud<\/li>\n        <li>Combinar posiblemente con tratamientos de <strong>suplements<\/strong> para apoyar la vitalidad general del cabello<\/li>\n      <\/ol>\n    <\/div><\/div>\n  <\/div>\n  <div>\n    <h3><span class=\"ez-toc-section\" id=\"%C2%BFQue_precauciones_tomar_antes_de_usar_el_cbd_para_combatir_la_alopecia\"><\/span>\u00bfQu\u00e9 precauciones tomar antes de usar el cbd para combatir la alopecia?<span class=\"ez-toc-section-end\"><\/span><\/h3>\n    <div><div>\n      <p>Aunque el <strong>cbd<\/strong> ofrece un perfil tranquilizador, se recomienda consultar a un dermat\u00f3logo en caso de <strong>p\u00e9rdida aguda<\/strong> antes de intentar una nueva rutina. La compatibilidad con otros tratamientos debe ser verificada, as\u00ed como la supervisi\u00f3n de posibles reacciones al\u00e9rgicas en el <strong>cuero cabelludo<\/strong>.<\/p>\n      <ul>\n        <li>Atenci\u00f3n a los <strong>productos no certificados<\/strong> o a dosis inadecuadas<\/li>\n        <li>Considerar el tipo de <strong>alopecia<\/strong> afectada (androg\u00e9nica, difusa, cicatricial&#8230;)<\/li>\n        <li>Priorizar la transparencia sobre la composici\u00f3n de las <strong>f\u00f3rmulas utilizadas<\/strong><\/li>\n      <\/ul>\n    <\/div><\/div>\n  <\/div>\n  <div>\n    <h3><span class=\"ez-toc-section\" id=\"%C2%BFSe_puede_combinar_el_cbd_con_otros_suplementos_para_combatir_la_perdida_de_cabello\"><\/span>\u00bfSe puede combinar el cbd con otros suplementos para combatir la p\u00e9rdida de cabello?<span class=\"ez-toc-section-end\"><\/span><\/h3>\n    <div><div>\n      <p>Numerosos estudios de 2026 exploran esta posibilidad. Se observan sinergias cuando el <strong>cbd<\/strong> se combina con <strong>suplements<\/strong> ricos en biotina, amino\u00e1cidos o minerales esenciales. Esto podr\u00eda ayudar a sostener la estructura del cabello en paralelo a la acci\u00f3n antiinflamatoria del <strong>cbd<\/strong>.<\/p>\n      <table>\n        <thead>\n          <tr><th>Suplemento<\/th><th>Aporte clave<\/th><th>Efecto esperado<\/th><\/tr>\n        <\/thead>\n        <tbody>\n          <tr><td><strong>Biotina<\/strong><\/td><td>Vitamina B7<\/td><td>Solidez de la fibra capilar<\/td><\/tr>\n          <tr><td><strong>Zinc<\/strong><\/td><td>Minero traza<\/td><td>Equilibrio hormonal del cuero cabelludo<\/td><\/tr>\n          <tr><td><strong>Col\u00e1geno<\/strong><\/td><td>Prote\u00edna<\/td><td>Flexibilidad y elasticidad del cabello<\/td><\/tr>\n        <\/tbody>\n      <\/table>\n    <\/div><\/div>\n  <\/div>\n<\/div>\n","protected":false},"excerpt":{"rendered":"<p>El a\u00f1o 2026 marca un punto de inflexi\u00f3n para la investigaci\u00f3n sobre el cbd y sus aplicaciones en dermatolog\u00eda, especialmente frente a la p\u00e9rdida de cabello. Los recientes descubrimientos refuerzan el inter\u00e9s del p\u00fablico y de los profesionales por este cannabinoide popular. Los investigadores se centran particularmente en sus efectos potenciales sobre los fol\u00edculos pilosos, [&hellip;]<\/p>\n","protected":false},"author":95,"featured_media":365409,"comment_status":"closed","ping_status":"open","sticky":false,"template":"","format":"standard","meta":{"_sitemap_exclude":false,"_sitemap_priority":"","_sitemap_frequency":"","footnotes":""},"categories":[684],"tags":[],"class_list":["post-365692","post","type-post","status-publish","format-standard","has-post-thumbnail","hentry","category-noticias-del-cdb-es"],"yoast_head":"<!-- This site is optimized with the Yoast SEO Premium plugin v27.5 (Yoast SEO v27.5) - https:\/\/yoast.com\/product\/yoast-seo-premium-wordpress\/ -->\n<title>Les nuevos estudios de 2026: \u00bfel cbd al servicio de la lucha contra la ca\u00edda del cabello? - Actualit\u00e9s CBD Blog - Weedy.fr<\/title>\n<meta name=\"robots\" content=\"index, follow, max-snippet:-1, max-image-preview:large, max-video-preview:-1\" \/>\n<link rel=\"canonical\" href=\"https:\/\/weedy.fr\/blog\/es\/les-nouvelles-etudes-de-2026-le-cbd-au-service-de-la-lutte-contre-la-chute-des-cheveux-6\/\" \/>\n<meta property=\"og:locale\" content=\"fr_FR\" \/>\n<meta property=\"og:type\" content=\"article\" \/>\n<meta property=\"og:title\" content=\"\ud83c\udf31Les nuevos estudios de 2026: \u00bfel cbd al servicio de la lucha contra la ca\u00edda del cabello? - Weedy.Fr\ud83c\udf31\" \/>\n<meta property=\"og:description\" content=\"El a\u00f1o 2026 marca un punto de inflexi\u00f3n para la investigaci\u00f3n sobre el cbd y sus aplicaciones en dermatolog\u00eda, especialmente frente a la p\u00e9rdida de cabello. Los recientes descubrimientos refuerzan el inter\u00e9s del p\u00fablico y de los profesionales por este cannabinoide popular. Los investigadores se centran particularmente en sus efectos potenciales sobre los fol\u00edculos pilosos, [&hellip;]\" \/>\n<meta property=\"og:url\" content=\"https:\/\/weedy.fr\/blog\/es\/les-nouvelles-etudes-de-2026-le-cbd-au-service-de-la-lutte-contre-la-chute-des-cheveux-6\/\" \/>\n<meta property=\"og:site_name\" content=\"Actualit\u00e9s CBD Blog - Weedy.fr\" \/>\n<meta property=\"article:publisher\" content=\"https:\/\/www.facebook.com\/weedysocial\" \/>\n<meta property=\"article:published_time\" content=\"2026-04-10T07:02:12+00:00\" \/>\n<meta property=\"article:modified_time\" content=\"2026-04-28T14:22:36+00:00\" \/>\n<meta property=\"og:image\" content=\"https:\/\/weedy.fr\/blog\/wp-content\/uploads\/2026\/02\/les_nouvelles_tudes_de_2026_le_cbd_au_service_de_la_lutte_contre_la_chute_des_cheveux.webp\" \/>\n\t<meta property=\"og:image:width\" content=\"1344\" \/>\n\t<meta property=\"og:image:height\" content=\"768\" \/>\n\t<meta property=\"og:image:type\" content=\"image\/webp\" \/>\n<meta name=\"author\" content=\"Alexandre Lacarr\u00e9\" \/>\n<meta name=\"twitter:card\" content=\"summary_large_image\" \/>\n<meta name=\"twitter:label1\" content=\"\u00c9crit par\" \/>\n\t<meta name=\"twitter:data1\" content=\"Alexandre Lacarr\u00e9\" \/>\n\t<meta name=\"twitter:label2\" content=\"Dur\u00e9e de lecture estim\u00e9e\" \/>\n\t<meta name=\"twitter:data2\" content=\"7 minutes\" \/>\n<script type=\"application\/ld+json\" class=\"yoast-schema-graph\">{\"@context\":\"https:\\\/\\\/schema.org\",\"@graph\":[{\"@type\":\"Article\",\"@id\":\"https:\\\/\\\/weedy.fr\\\/blog\\\/es\\\/les-nouvelles-etudes-de-2026-le-cbd-au-service-de-la-lutte-contre-la-chute-des-cheveux-6\\\/#article\",\"isPartOf\":{\"@id\":\"https:\\\/\\\/weedy.fr\\\/blog\\\/es\\\/les-nouvelles-etudes-de-2026-le-cbd-au-service-de-la-lutte-contre-la-chute-des-cheveux-6\\\/\"},\"author\":{\"name\":\"Alexandre Lacarr\u00e9\",\"@id\":\"https:\\\/\\\/weedy.fr\\\/blog\\\/#\\\/schema\\\/person\\\/54c87d7e580413b08a5b875474a54f4e\"},\"headline\":\"Les nuevos estudios de 2026: \u00bfel cbd al servicio de la lucha contra la ca\u00edda del cabello?\",\"datePublished\":\"2026-04-10T07:02:12+00:00\",\"dateModified\":\"2026-04-28T14:22:36+00:00\",\"mainEntityOfPage\":{\"@id\":\"https:\\\/\\\/weedy.fr\\\/blog\\\/es\\\/les-nouvelles-etudes-de-2026-le-cbd-au-service-de-la-lutte-contre-la-chute-des-cheveux-6\\\/\"},\"wordCount\":1399,\"publisher\":{\"@id\":\"https:\\\/\\\/weedy.fr\\\/blog\\\/#organization\"},\"image\":{\"@id\":\"https:\\\/\\\/weedy.fr\\\/blog\\\/es\\\/les-nouvelles-etudes-de-2026-le-cbd-au-service-de-la-lutte-contre-la-chute-des-cheveux-6\\\/#primaryimage\"},\"thumbnailUrl\":\"https:\\\/\\\/weedy.fr\\\/blog\\\/wp-content\\\/uploads\\\/2026\\\/02\\\/les_nouvelles_tudes_de_2026_le_cbd_au_service_de_la_lutte_contre_la_chute_des_cheveux.webp\",\"articleSection\":[\"Noticias del CDB\"],\"inLanguage\":\"fr-FR\"},{\"@type\":\"WebPage\",\"@id\":\"https:\\\/\\\/weedy.fr\\\/blog\\\/es\\\/les-nouvelles-etudes-de-2026-le-cbd-au-service-de-la-lutte-contre-la-chute-des-cheveux-6\\\/\",\"url\":\"https:\\\/\\\/weedy.fr\\\/blog\\\/es\\\/les-nouvelles-etudes-de-2026-le-cbd-au-service-de-la-lutte-contre-la-chute-des-cheveux-6\\\/\",\"name\":\"Les nuevos estudios de 2026: \u00bfel cbd al servicio de la lucha contra la ca\u00edda del cabello? - Actualit\u00e9s CBD Blog - Weedy.fr\",\"isPartOf\":{\"@id\":\"https:\\\/\\\/weedy.fr\\\/blog\\\/#website\"},\"primaryImageOfPage\":{\"@id\":\"https:\\\/\\\/weedy.fr\\\/blog\\\/es\\\/les-nouvelles-etudes-de-2026-le-cbd-au-service-de-la-lutte-contre-la-chute-des-cheveux-6\\\/#primaryimage\"},\"image\":{\"@id\":\"https:\\\/\\\/weedy.fr\\\/blog\\\/es\\\/les-nouvelles-etudes-de-2026-le-cbd-au-service-de-la-lutte-contre-la-chute-des-cheveux-6\\\/#primaryimage\"},\"thumbnailUrl\":\"https:\\\/\\\/weedy.fr\\\/blog\\\/wp-content\\\/uploads\\\/2026\\\/02\\\/les_nouvelles_tudes_de_2026_le_cbd_au_service_de_la_lutte_contre_la_chute_des_cheveux.webp\",\"datePublished\":\"2026-04-10T07:02:12+00:00\",\"dateModified\":\"2026-04-28T14:22:36+00:00\",\"breadcrumb\":{\"@id\":\"https:\\\/\\\/weedy.fr\\\/blog\\\/es\\\/les-nouvelles-etudes-de-2026-le-cbd-au-service-de-la-lutte-contre-la-chute-des-cheveux-6\\\/#breadcrumb\"},\"inLanguage\":\"fr-FR\",\"potentialAction\":[{\"@type\":\"ReadAction\",\"target\":[\"https:\\\/\\\/weedy.fr\\\/blog\\\/es\\\/les-nouvelles-etudes-de-2026-le-cbd-au-service-de-la-lutte-contre-la-chute-des-cheveux-6\\\/\"]}]},{\"@type\":\"ImageObject\",\"inLanguage\":\"fr-FR\",\"@id\":\"https:\\\/\\\/weedy.fr\\\/blog\\\/es\\\/les-nouvelles-etudes-de-2026-le-cbd-au-service-de-la-lutte-contre-la-chute-des-cheveux-6\\\/#primaryimage\",\"url\":\"https:\\\/\\\/weedy.fr\\\/blog\\\/wp-content\\\/uploads\\\/2026\\\/02\\\/les_nouvelles_tudes_de_2026_le_cbd_au_service_de_la_lutte_contre_la_chute_des_cheveux.webp\",\"contentUrl\":\"https:\\\/\\\/weedy.fr\\\/blog\\\/wp-content\\\/uploads\\\/2026\\\/02\\\/les_nouvelles_tudes_de_2026_le_cbd_au_service_de_la_lutte_contre_la_chute_des_cheveux.webp\",\"width\":1344,\"height\":768,\"caption\":\"CBD contre la chute des cheveux\"},{\"@type\":\"BreadcrumbList\",\"@id\":\"https:\\\/\\\/weedy.fr\\\/blog\\\/es\\\/les-nouvelles-etudes-de-2026-le-cbd-au-service-de-la-lutte-contre-la-chute-des-cheveux-6\\\/#breadcrumb\",\"itemListElement\":[{\"@type\":\"ListItem\",\"position\":1,\"name\":\"CBD Blog\",\"item\":\"https:\\\/\\\/weedy.fr\\\/blog\\\/\"},{\"@type\":\"ListItem\",\"position\":2,\"name\":\"Noticias del CDB\",\"item\":\"https:\\\/\\\/weedy.fr\\\/blog\\\/category\\\/noticias-del-cdb-es\\\/\"},{\"@type\":\"ListItem\",\"position\":3,\"name\":\"Les nuevos estudios de 2026: \u00bfel cbd al servicio de la lucha contra la ca\u00edda del cabello?\"}]},{\"@type\":\"WebSite\",\"@id\":\"https:\\\/\\\/weedy.fr\\\/blog\\\/#website\",\"url\":\"https:\\\/\\\/weedy.fr\\\/blog\\\/\",\"name\":\"Actualit\u00e9s CBD Blog - Weedy.fr\",\"description\":\"Le meilleur de l&#039;actualit\u00e9 du CBD et du chanvre en France\",\"publisher\":{\"@id\":\"https:\\\/\\\/weedy.fr\\\/blog\\\/#organization\"},\"alternateName\":\"Weedy.fr\",\"potentialAction\":[{\"@type\":\"SearchAction\",\"target\":{\"@type\":\"EntryPoint\",\"urlTemplate\":\"https:\\\/\\\/weedy.fr\\\/blog\\\/?s={search_term_string}\"},\"query-input\":{\"@type\":\"PropertyValueSpecification\",\"valueRequired\":true,\"valueName\":\"search_term_string\"}}],\"inLanguage\":\"fr-FR\"},{\"@type\":\"Organization\",\"@id\":\"https:\\\/\\\/weedy.fr\\\/blog\\\/#organization\",\"name\":\"Weedy.fr\",\"alternateName\":\"Weedy.fr\",\"url\":\"https:\\\/\\\/weedy.fr\\\/blog\\\/\",\"logo\":{\"@type\":\"ImageObject\",\"inLanguage\":\"fr-FR\",\"@id\":\"https:\\\/\\\/weedy.fr\\\/blog\\\/#\\\/schema\\\/logo\\\/image\\\/\",\"url\":\"https:\\\/\\\/weedy.fr\\\/blog\\\/wp-content\\\/uploads\\\/2024\\\/05\\\/logo-carre.jpg\",\"contentUrl\":\"https:\\\/\\\/weedy.fr\\\/blog\\\/wp-content\\\/uploads\\\/2024\\\/05\\\/logo-carre.jpg\",\"width\":582,\"height\":582,\"caption\":\"Weedy.fr\"},\"image\":{\"@id\":\"https:\\\/\\\/weedy.fr\\\/blog\\\/#\\\/schema\\\/logo\\\/image\\\/\"},\"sameAs\":[\"https:\\\/\\\/www.facebook.com\\\/weedysocial\",\"https:\\\/\\\/www.instagram.com\\\/weedyfrance\\\/\"],\"description\":\"Leader en france sur la vente de produits \u00e0 base de CBD\",\"email\":\"support@weedy.fr\",\"telephone\":\"0187651030\",\"legalName\":\"Weedy.fr\"},{\"@type\":\"Person\",\"@id\":\"https:\\\/\\\/weedy.fr\\\/blog\\\/#\\\/schema\\\/person\\\/54c87d7e580413b08a5b875474a54f4e\",\"name\":\"Alexandre Lacarr\u00e9\",\"image\":{\"@type\":\"ImageObject\",\"inLanguage\":\"fr-FR\",\"@id\":\"https:\\\/\\\/secure.gravatar.com\\\/avatar\\\/e5ede08fa6bfcbfc59ce9a91c3db2da4d48324aacb4d3157006c217cb2a2b125?s=96&d=mm&r=g\",\"url\":\"https:\\\/\\\/secure.gravatar.com\\\/avatar\\\/e5ede08fa6bfcbfc59ce9a91c3db2da4d48324aacb4d3157006c217cb2a2b125?s=96&d=mm&r=g\",\"contentUrl\":\"https:\\\/\\\/secure.gravatar.com\\\/avatar\\\/e5ede08fa6bfcbfc59ce9a91c3db2da4d48324aacb4d3157006c217cb2a2b125?s=96&d=mm&r=g\",\"caption\":\"Alexandre Lacarr\u00e9\"},\"description\":\"Alexandre Lacarr\u00e9 est reconnu comme un leader innovant et influent dans l'industrie du cannabidiol (CBD). Alexandre a d\u00e9but\u00e9 sa carri\u00e8re dans le secteur des biotechnologies, o\u00f9 il a acquis une expertise pr\u00e9cieuse en recherche et d\u00e9veloppement. Passionn\u00e9 par les potentiels th\u00e9rapeutiques des compos\u00e9s naturels, il s'est rapidement orient\u00e9 vers l'industrie naissante du CBD.\",\"sameAs\":[\"https:\\\/\\\/www.linkedin.com\\\/in\\\/alexandre-henri-lacarr-785850186\\\/\"],\"honorificPrefix\":\"Mr\",\"gender\":\"homme\",\"knowsAbout\":[\"CBD\",\"Cannabis\",\"Copywriter\"],\"worksFor\":\"Weedy.fr\",\"url\":\"https:\\\/\\\/weedy.fr\\\/blog\\\/author\\\/fiacre\\\/\"}]}<\/script>\n<!-- \/ Yoast SEO Premium plugin. -->","yoast_head_json":{"title":"Les nuevos estudios de 2026: \u00bfel cbd al servicio de la lucha contra la ca\u00edda del cabello? - Actualit\u00e9s CBD Blog - Weedy.fr","robots":{"index":"index","follow":"follow","max-snippet":"max-snippet:-1","max-image-preview":"max-image-preview:large","max-video-preview":"max-video-preview:-1"},"canonical":"https:\/\/weedy.fr\/blog\/es\/les-nouvelles-etudes-de-2026-le-cbd-au-service-de-la-lutte-contre-la-chute-des-cheveux-6\/","og_locale":"fr_FR","og_type":"article","og_title":"\ud83c\udf31Les nuevos estudios de 2026: \u00bfel cbd al servicio de la lucha contra la ca\u00edda del cabello? - Weedy.Fr\ud83c\udf31","og_description":"El a\u00f1o 2026 marca un punto de inflexi\u00f3n para la investigaci\u00f3n sobre el cbd y sus aplicaciones en dermatolog\u00eda, especialmente frente a la p\u00e9rdida de cabello. Los recientes descubrimientos refuerzan el inter\u00e9s del p\u00fablico y de los profesionales por este cannabinoide popular. Los investigadores se centran particularmente en sus efectos potenciales sobre los fol\u00edculos pilosos, [&hellip;]","og_url":"https:\/\/weedy.fr\/blog\/es\/les-nouvelles-etudes-de-2026-le-cbd-au-service-de-la-lutte-contre-la-chute-des-cheveux-6\/","og_site_name":"Actualit\u00e9s CBD Blog - Weedy.fr","article_publisher":"https:\/\/www.facebook.com\/weedysocial","article_published_time":"2026-04-10T07:02:12+00:00","article_modified_time":"2026-04-28T14:22:36+00:00","og_image":[{"width":1344,"height":768,"url":"https:\/\/weedy.fr\/blog\/wp-content\/uploads\/2026\/02\/les_nouvelles_tudes_de_2026_le_cbd_au_service_de_la_lutte_contre_la_chute_des_cheveux.webp","type":"image\/webp"}],"author":"Alexandre Lacarr\u00e9","twitter_card":"summary_large_image","twitter_misc":{"\u00c9crit par":"Alexandre Lacarr\u00e9","Dur\u00e9e de lecture estim\u00e9e":"7 minutes"},"schema":{"@context":"https:\/\/schema.org","@graph":[{"@type":"Article","@id":"https:\/\/weedy.fr\/blog\/es\/les-nouvelles-etudes-de-2026-le-cbd-au-service-de-la-lutte-contre-la-chute-des-cheveux-6\/#article","isPartOf":{"@id":"https:\/\/weedy.fr\/blog\/es\/les-nouvelles-etudes-de-2026-le-cbd-au-service-de-la-lutte-contre-la-chute-des-cheveux-6\/"},"author":{"name":"Alexandre Lacarr\u00e9","@id":"https:\/\/weedy.fr\/blog\/#\/schema\/person\/54c87d7e580413b08a5b875474a54f4e"},"headline":"Les nuevos estudios de 2026: \u00bfel cbd al servicio de la lucha contra la ca\u00edda del cabello?","datePublished":"2026-04-10T07:02:12+00:00","dateModified":"2026-04-28T14:22:36+00:00","mainEntityOfPage":{"@id":"https:\/\/weedy.fr\/blog\/es\/les-nouvelles-etudes-de-2026-le-cbd-au-service-de-la-lutte-contre-la-chute-des-cheveux-6\/"},"wordCount":1399,"publisher":{"@id":"https:\/\/weedy.fr\/blog\/#organization"},"image":{"@id":"https:\/\/weedy.fr\/blog\/es\/les-nouvelles-etudes-de-2026-le-cbd-au-service-de-la-lutte-contre-la-chute-des-cheveux-6\/#primaryimage"},"thumbnailUrl":"https:\/\/weedy.fr\/blog\/wp-content\/uploads\/2026\/02\/les_nouvelles_tudes_de_2026_le_cbd_au_service_de_la_lutte_contre_la_chute_des_cheveux.webp","articleSection":["Noticias del CDB"],"inLanguage":"fr-FR"},{"@type":"WebPage","@id":"https:\/\/weedy.fr\/blog\/es\/les-nouvelles-etudes-de-2026-le-cbd-au-service-de-la-lutte-contre-la-chute-des-cheveux-6\/","url":"https:\/\/weedy.fr\/blog\/es\/les-nouvelles-etudes-de-2026-le-cbd-au-service-de-la-lutte-contre-la-chute-des-cheveux-6\/","name":"Les nuevos estudios de 2026: \u00bfel cbd al servicio de la lucha contra la ca\u00edda del cabello? - Actualit\u00e9s CBD Blog - Weedy.fr","isPartOf":{"@id":"https:\/\/weedy.fr\/blog\/#website"},"primaryImageOfPage":{"@id":"https:\/\/weedy.fr\/blog\/es\/les-nouvelles-etudes-de-2026-le-cbd-au-service-de-la-lutte-contre-la-chute-des-cheveux-6\/#primaryimage"},"image":{"@id":"https:\/\/weedy.fr\/blog\/es\/les-nouvelles-etudes-de-2026-le-cbd-au-service-de-la-lutte-contre-la-chute-des-cheveux-6\/#primaryimage"},"thumbnailUrl":"https:\/\/weedy.fr\/blog\/wp-content\/uploads\/2026\/02\/les_nouvelles_tudes_de_2026_le_cbd_au_service_de_la_lutte_contre_la_chute_des_cheveux.webp","datePublished":"2026-04-10T07:02:12+00:00","dateModified":"2026-04-28T14:22:36+00:00","breadcrumb":{"@id":"https:\/\/weedy.fr\/blog\/es\/les-nouvelles-etudes-de-2026-le-cbd-au-service-de-la-lutte-contre-la-chute-des-cheveux-6\/#breadcrumb"},"inLanguage":"fr-FR","potentialAction":[{"@type":"ReadAction","target":["https:\/\/weedy.fr\/blog\/es\/les-nouvelles-etudes-de-2026-le-cbd-au-service-de-la-lutte-contre-la-chute-des-cheveux-6\/"]}]},{"@type":"ImageObject","inLanguage":"fr-FR","@id":"https:\/\/weedy.fr\/blog\/es\/les-nouvelles-etudes-de-2026-le-cbd-au-service-de-la-lutte-contre-la-chute-des-cheveux-6\/#primaryimage","url":"https:\/\/weedy.fr\/blog\/wp-content\/uploads\/2026\/02\/les_nouvelles_tudes_de_2026_le_cbd_au_service_de_la_lutte_contre_la_chute_des_cheveux.webp","contentUrl":"https:\/\/weedy.fr\/blog\/wp-content\/uploads\/2026\/02\/les_nouvelles_tudes_de_2026_le_cbd_au_service_de_la_lutte_contre_la_chute_des_cheveux.webp","width":1344,"height":768,"caption":"CBD contre la chute des cheveux"},{"@type":"BreadcrumbList","@id":"https:\/\/weedy.fr\/blog\/es\/les-nouvelles-etudes-de-2026-le-cbd-au-service-de-la-lutte-contre-la-chute-des-cheveux-6\/#breadcrumb","itemListElement":[{"@type":"ListItem","position":1,"name":"CBD Blog","item":"https:\/\/weedy.fr\/blog\/"},{"@type":"ListItem","position":2,"name":"Noticias del CDB","item":"https:\/\/weedy.fr\/blog\/category\/noticias-del-cdb-es\/"},{"@type":"ListItem","position":3,"name":"Les nuevos estudios de 2026: \u00bfel cbd al servicio de la lucha contra la ca\u00edda del cabello?"}]},{"@type":"WebSite","@id":"https:\/\/weedy.fr\/blog\/#website","url":"https:\/\/weedy.fr\/blog\/","name":"Actualit\u00e9s CBD Blog - Weedy.fr","description":"Le meilleur de l&#039;actualit\u00e9 du CBD et du chanvre en France","publisher":{"@id":"https:\/\/weedy.fr\/blog\/#organization"},"alternateName":"Weedy.fr","potentialAction":[{"@type":"SearchAction","target":{"@type":"EntryPoint","urlTemplate":"https:\/\/weedy.fr\/blog\/?s={search_term_string}"},"query-input":{"@type":"PropertyValueSpecification","valueRequired":true,"valueName":"search_term_string"}}],"inLanguage":"fr-FR"},{"@type":"Organization","@id":"https:\/\/weedy.fr\/blog\/#organization","name":"Weedy.fr","alternateName":"Weedy.fr","url":"https:\/\/weedy.fr\/blog\/","logo":{"@type":"ImageObject","inLanguage":"fr-FR","@id":"https:\/\/weedy.fr\/blog\/#\/schema\/logo\/image\/","url":"https:\/\/weedy.fr\/blog\/wp-content\/uploads\/2024\/05\/logo-carre.jpg","contentUrl":"https:\/\/weedy.fr\/blog\/wp-content\/uploads\/2024\/05\/logo-carre.jpg","width":582,"height":582,"caption":"Weedy.fr"},"image":{"@id":"https:\/\/weedy.fr\/blog\/#\/schema\/logo\/image\/"},"sameAs":["https:\/\/www.facebook.com\/weedysocial","https:\/\/www.instagram.com\/weedyfrance\/"],"description":"Leader en france sur la vente de produits \u00e0 base de CBD","email":"support@weedy.fr","telephone":"0187651030","legalName":"Weedy.fr"},{"@type":"Person","@id":"https:\/\/weedy.fr\/blog\/#\/schema\/person\/54c87d7e580413b08a5b875474a54f4e","name":"Alexandre Lacarr\u00e9","image":{"@type":"ImageObject","inLanguage":"fr-FR","@id":"https:\/\/secure.gravatar.com\/avatar\/e5ede08fa6bfcbfc59ce9a91c3db2da4d48324aacb4d3157006c217cb2a2b125?s=96&d=mm&r=g","url":"https:\/\/secure.gravatar.com\/avatar\/e5ede08fa6bfcbfc59ce9a91c3db2da4d48324aacb4d3157006c217cb2a2b125?s=96&d=mm&r=g","contentUrl":"https:\/\/secure.gravatar.com\/avatar\/e5ede08fa6bfcbfc59ce9a91c3db2da4d48324aacb4d3157006c217cb2a2b125?s=96&d=mm&r=g","caption":"Alexandre Lacarr\u00e9"},"description":"Alexandre Lacarr\u00e9 est reconnu comme un leader innovant et influent dans l'industrie du cannabidiol (CBD). Alexandre a d\u00e9but\u00e9 sa carri\u00e8re dans le secteur des biotechnologies, o\u00f9 il a acquis une expertise pr\u00e9cieuse en recherche et d\u00e9veloppement. Passionn\u00e9 par les potentiels th\u00e9rapeutiques des compos\u00e9s naturels, il s'est rapidement orient\u00e9 vers l'industrie naissante du CBD.","sameAs":["https:\/\/www.linkedin.com\/in\/alexandre-henri-lacarr-785850186\/"],"honorificPrefix":"Mr","gender":"homme","knowsAbout":["CBD","Cannabis","Copywriter"],"worksFor":"Weedy.fr","url":"https:\/\/weedy.fr\/blog\/author\/fiacre\/"}]}},"_links":{"self":[{"href":"https:\/\/weedy.fr\/blog\/wp-json\/wp\/v2\/posts\/365692","targetHints":{"allow":["GET"]}}],"collection":[{"href":"https:\/\/weedy.fr\/blog\/wp-json\/wp\/v2\/posts"}],"about":[{"href":"https:\/\/weedy.fr\/blog\/wp-json\/wp\/v2\/types\/post"}],"author":[{"embeddable":true,"href":"https:\/\/weedy.fr\/blog\/wp-json\/wp\/v2\/users\/95"}],"replies":[{"embeddable":true,"href":"https:\/\/weedy.fr\/blog\/wp-json\/wp\/v2\/comments?post=365692"}],"version-history":[{"count":2,"href":"https:\/\/weedy.fr\/blog\/wp-json\/wp\/v2\/posts\/365692\/revisions"}],"predecessor-version":[{"id":365803,"href":"https:\/\/weedy.fr\/blog\/wp-json\/wp\/v2\/posts\/365692\/revisions\/365803"}],"wp:featuredmedia":[{"embeddable":true,"href":"https:\/\/weedy.fr\/blog\/wp-json\/wp\/v2\/media\/365409"}],"wp:attachment":[{"href":"https:\/\/weedy.fr\/blog\/wp-json\/wp\/v2\/media?parent=365692"}],"wp:term":[{"taxonomy":"category","embeddable":true,"href":"https:\/\/weedy.fr\/blog\/wp-json\/wp\/v2\/categories?post=365692"},{"taxonomy":"post_tag","embeddable":true,"href":"https:\/\/weedy.fr\/blog\/wp-json\/wp\/v2\/tags?post=365692"}],"curies":[{"name":"wp","href":"https:\/\/api.w.org\/{rel}","templated":true}]}}