{"id":366060,"date":"2026-09-03T05:47:00","date_gmt":"2026-09-03T03:47:00","guid":{"rendered":"https:\/\/weedy.fr\/blog\/?p=366060"},"modified":"2026-08-26T17:50:52","modified_gmt":"2026-08-26T15:50:52","slug":"cannabis-et-changement-climatique-les-fleurs-de-demain-auront-elles-le-meme-gout","status":"publish","type":"post","link":"https:\/\/weedy.fr\/blog\/cannabis-et-changement-climatique-les-fleurs-de-demain-auront-elles-le-meme-gout\/","title":{"rendered":"Cannabis et changement climatique : les fleurs de demain auront-elles le m\u00eame go\u00fbt ?"},"content":{"rendered":"<p>Sous l\u2019effet du <strong>r\u00e9chauffement climatique<\/strong>, l\u2019ensemble de la fili\u00e8re du <strong>cannabis<\/strong> fait face \u00e0 une transformation profonde des conditions de culture. Les fluctuations de temp\u00e9rature, les \u00e9pisodes de <strong>s\u00e9cheresse<\/strong> r\u00e9p\u00e9t\u00e9s, l\u2019augmentation de l\u2019intensit\u00e9 des <strong>UV<\/strong> ou encore les bouleversements hydriques ne concernent pas seulement les grandes cultures agricoles. Le <strong>go\u00fbt du cannabis<\/strong>, ses ar\u00f4mes et sa richesse en principes actifs, notamment les <strong>terp\u00e8nes<\/strong>, s\u2019en retrouvent aussi profond\u00e9ment affect\u00e9s. Cette \u00e9volution peine parfois \u00e0 se traduire dans le discours commercial, pourtant la sensibilit\u00e9 des <strong>g\u00e9n\u00e9tiques des plantes<\/strong> \u00e0 l\u2019environnement ouvre de multiples questions sur les saveurs et qualit\u00e9s des r\u00e9coltes futures. Allons voir comment la plante reine du bien-\u00eatre s\u2019adapte au nouveau climat, et ce que pourraient \u00eatre les profils gustatifs des fleurs de demain.<\/p>\n\n<div id=\"ez-toc-container\" class=\"ez-toc-v2_0_86 counter-hierarchy ez-toc-counter ez-toc-grey ez-toc-container-direction\">\n<div class=\"ez-toc-title-container\">\n<p class=\"ez-toc-title\" style=\"cursor:inherit\">Sommaire<\/p>\n<span class=\"ez-toc-title-toggle\"><a href=\"#\" class=\"ez-toc-pull-right ez-toc-btn ez-toc-btn-xs ez-toc-btn-default ez-toc-toggle\" aria-label=\"Toggle Table of Content\"><span class=\"ez-toc-js-icon-con\"><span class=\"\"><span class=\"eztoc-hide\" style=\"display:none;\">Toggle<\/span><span class=\"ez-toc-icon-toggle-span\"><svg style=\"fill: #43b981;color:#43b981\" xmlns=\"http:\/\/www.w3.org\/2000\/svg\" class=\"list-377408\" width=\"20px\" height=\"20px\" viewBox=\"0 0 24 24\" fill=\"none\"><path d=\"M6 6H4v2h2V6zm14 0H8v2h12V6zM4 11h2v2H4v-2zm16 0H8v2h12v-2zM4 16h2v2H4v-2zm16 0H8v2h12v-2z\" fill=\"currentColor\"><\/path><\/svg><svg style=\"fill: #43b981;color:#43b981\" class=\"arrow-unsorted-368013\" xmlns=\"http:\/\/www.w3.org\/2000\/svg\" width=\"10px\" height=\"10px\" viewBox=\"0 0 24 24\" version=\"1.2\" baseProfile=\"tiny\"><path d=\"M18.2 9.3l-6.2-6.3-6.2 6.3c-.2.2-.3.4-.3.7s.1.5.3.7c.2.2.4.3.7.3h11c.3 0 .5-.1.7-.3.2-.2.3-.5.3-.7s-.1-.5-.3-.7zM5.8 14.7l6.2 6.3 6.2-6.3c.2-.2.3-.5.3-.7s-.1-.5-.3-.7c-.2-.2-.4-.3-.7-.3h-11c-.3 0-.5.1-.7.3-.2.2-.3.5-.3.7s.1.5.3.7z\"\/><\/svg><\/span><\/span><\/span><\/a><\/span><\/div>\n<nav><ul class='ez-toc-list ez-toc-list-level-1 ' ><li class='ez-toc-page-1 ez-toc-heading-level-2'><a class=\"ez-toc-link ez-toc-heading-1\" href=\"https:\/\/weedy.fr\/blog\/cannabis-et-changement-climatique-les-fleurs-de-demain-auront-elles-le-meme-gout\/#Limpact_direct_du_changement_climatique_sur_la_culture_du_cannabis\" >L\u2019impact direct du changement climatique sur la culture du cannabis<\/a><\/li><li class='ez-toc-page-1 ez-toc-heading-level-2'><a class=\"ez-toc-link ez-toc-heading-2\" href=\"https:\/\/weedy.fr\/blog\/cannabis-et-changement-climatique-les-fleurs-de-demain-auront-elles-le-meme-gout\/#Comment_la_chaleur_influence-t-elle_le_gout_du_cannabis\" >Comment la chaleur influence-t-elle le go\u00fbt du cannabis&nbsp;?<\/a><\/li><li class='ez-toc-page-1 ez-toc-heading-level-2'><a class=\"ez-toc-link ez-toc-heading-3\" href=\"https:\/\/weedy.fr\/blog\/cannabis-et-changement-climatique-les-fleurs-de-demain-auront-elles-le-meme-gout\/#Effets_de_la_secheresse_et_du_stress_hydrique_sur_les_aromes_des_fleurs\" >Effets de la s\u00e9cheresse et du stress hydrique sur les ar\u00f4mes des fleurs<\/a><\/li><li class='ez-toc-page-1 ez-toc-heading-level-2'><a class=\"ez-toc-link ez-toc-heading-4\" href=\"https:\/\/weedy.fr\/blog\/cannabis-et-changement-climatique-les-fleurs-de-demain-auront-elles-le-meme-gout\/#Quels_effets_des_rayonnements_UV_accrus_sur_les_terpenes_et_cannabinoides\" >Quels effets des rayonnements UV accrus sur les terp\u00e8nes et cannabino\u00efdes&nbsp;?<\/a><\/li><li class='ez-toc-page-1 ez-toc-heading-level-2'><a class=\"ez-toc-link ez-toc-heading-5\" href=\"https:\/\/weedy.fr\/blog\/cannabis-et-changement-climatique-les-fleurs-de-demain-auront-elles-le-meme-gout\/#Retour_terrain_quand_le_producteur_temoigne_de_levolution_des_aromes\" >Retour terrain&nbsp;: quand le producteur t\u00e9moigne de l\u2019\u00e9volution des ar\u00f4mes<\/a><\/li><li class='ez-toc-page-1 ez-toc-heading-level-2'><a class=\"ez-toc-link ez-toc-heading-6\" href=\"https:\/\/weedy.fr\/blog\/cannabis-et-changement-climatique-les-fleurs-de-demain-auront-elles-le-meme-gout\/#Biodiversite_genetique_et_creation_des_varietes_face_au_nouvel_environnement\" >Biodiversit\u00e9, g\u00e9n\u00e9tique et cr\u00e9ation des vari\u00e9t\u00e9s face au nouvel environnement<\/a><ul class='ez-toc-list-level-3' ><li class='ez-toc-heading-level-3'><a class=\"ez-toc-link ez-toc-heading-7\" href=\"https:\/\/weedy.fr\/blog\/cannabis-et-changement-climatique-les-fleurs-de-demain-auront-elles-le-meme-gout\/#Techniques_de_culture_innovantes_pour_preserver_le_gout\" >Techniques de culture innovantes pour pr\u00e9server le go\u00fbt<\/a><\/li><li class='ez-toc-page-1 ez-toc-heading-level-3'><a class=\"ez-toc-link ez-toc-heading-8\" href=\"https:\/\/weedy.fr\/blog\/cannabis-et-changement-climatique-les-fleurs-de-demain-auront-elles-le-meme-gout\/#Adaptation_des_profils_aromatiques_et_attentes_du_consommateur\" >Adaptation des profils aromatiques et attentes du consommateur<\/a><\/li><\/ul><\/li><li class='ez-toc-page-1 ez-toc-heading-level-2'><a class=\"ez-toc-link ez-toc-heading-9\" href=\"https:\/\/weedy.fr\/blog\/cannabis-et-changement-climatique-les-fleurs-de-demain-auront-elles-le-meme-gout\/#Questions_frequentes_sur_le_gout_du_cannabis_et_le_changement_climatique\" >Questions fr\u00e9quentes sur le go\u00fbt du cannabis et le changement climatique<\/a><ul class='ez-toc-list-level-3' ><li class='ez-toc-heading-level-3'><a class=\"ez-toc-link ez-toc-heading-10\" href=\"https:\/\/weedy.fr\/blog\/cannabis-et-changement-climatique-les-fleurs-de-demain-auront-elles-le-meme-gout\/#Comment_le_changement_climatique_influence-t-il_la_composition_en_terpenes_du_cannabis\" >Comment le changement climatique influence-t-il la composition en terp\u00e8nes du cannabis&nbsp;?<\/a><\/li><li class='ez-toc-page-1 ez-toc-heading-level-3'><a class=\"ez-toc-link ez-toc-heading-11\" href=\"https:\/\/weedy.fr\/blog\/cannabis-et-changement-climatique-les-fleurs-de-demain-auront-elles-le-meme-gout\/#Quels_challenges_rencontrent_les_cultivateurs_de_cannabis_face_a_la_secheresse%E2%80%AF\" >Quels challenges rencontrent les cultivateurs de cannabis face \u00e0 la s\u00e9cheresse\u202f?<\/a><\/li><li class='ez-toc-page-1 ez-toc-heading-level-3'><a class=\"ez-toc-link ez-toc-heading-12\" href=\"https:\/\/weedy.fr\/blog\/cannabis-et-changement-climatique-les-fleurs-de-demain-auront-elles-le-meme-gout\/#Comment_les_genetiques_de_cannabis_evoluent-elles_pour_resister_au_rechauffement_climatique%E2%80%AF\" >Comment les g\u00e9n\u00e9tiques de cannabis \u00e9voluent-elles pour r\u00e9sister au r\u00e9chauffement climatique\u202f?<\/a><\/li><li class='ez-toc-page-1 ez-toc-heading-level-3'><a class=\"ez-toc-link ez-toc-heading-13\" href=\"https:\/\/weedy.fr\/blog\/cannabis-et-changement-climatique-les-fleurs-de-demain-auront-elles-le-meme-gout\/#Peut-on_retrouver_le_gout_du_cannabis_davant_malgre_le_changement_climatique\" >Peut-on retrouver le go\u00fbt du cannabis d\u2019avant malgr\u00e9 le changement climatique&nbsp;?<\/a><\/li><\/ul><\/li><\/ul><\/nav><\/div>\n<h2><span class=\"ez-toc-section\" id=\"Limpact_direct_du_changement_climatique_sur_la_culture_du_cannabis\"><\/span>L\u2019impact direct du changement climatique sur la culture du cannabis<span class=\"ez-toc-section-end\"><\/span><\/h2>\n<p>L\u2019<strong>adaptation des plantes<\/strong> de cannabis aux nouveaux d\u00e9fis atmosph\u00e9riques n\u2019est pas une simple affaire d\u2019arrosage suppl\u00e9mentaire ou de contr\u00f4le technique sous serre. Les changements observ\u00e9s par les cultivateurs s\u2019inscrivent avant tout dans la dur\u00e9e et requi\u00e8rent une compr\u00e9hension affin\u00e9e de chaque <strong>vari\u00e9t\u00e9<\/strong> et terroir cultiv\u00e9.<\/p>\n<p>Devant la mont\u00e9e progressive des temp\u00e9ratures moyennes et la multiplication des extr\u00eames, il devient n\u00e9cessaire d\u2019analyser l\u2019effet sur la physiologie des plantes et leur <strong>m\u00e9tabolisme secondaire<\/strong>. Ce sont ces transformations qui impactent en premier lieu le <strong>go\u00fbt du cannabis<\/strong> ainsi que sa teneur en <strong>terp\u00e8nes<\/strong>, responsables de ses saveurs originales. Pour les amateurs de vari\u00e9t\u00e9s fruit\u00e9es, la <a href='https:\/\/weedy.fr\/product\/pineapple-indoor-hydroponique'>Pineapple Hydroponique<\/a> illustre bien l\u2019\u00e9volution des profils aromatiques sous l\u2019effet du climat.<\/p>\n\n<h2><span class=\"ez-toc-section\" id=\"Comment_la_chaleur_influence-t-elle_le_gout_du_cannabis\"><\/span>Comment la chaleur influence-t-elle le go\u00fbt du cannabis&nbsp;?<span class=\"ez-toc-section-end\"><\/span><\/h2>\n<p>La <strong>chaleur<\/strong>, souvent exacerb\u00e9e lors des canicules estivales, agit directement sur la maturation des fleurs et la volatilisation des <strong>compos\u00e9s aromatiques<\/strong>. Lorsqu\u2019une plante subit des temp\u00e9ratures sup\u00e9rieures \u00e0 son optimum biologique, elle adapte ses cycles de d\u00e9veloppement, raccourcit sa floraison et modifie l\u2019expression de ses g\u00e8nes li\u00e9s aux <strong>ar\u00f4mes<\/strong> et saveurs. Les vari\u00e9t\u00e9s comme la <a href='https:\/\/weedy.fr\/product\/sour-diesel-cbd-greenhouse'>Sour Diesel Greenhouse<\/a> t\u00e9moignent de ces adaptations aromatiques face \u00e0 la chaleur.<\/p>\n<p>Chez certains cultivateurs exp\u00e9riment\u00e9s, l\u2019observation est claire&nbsp;: les bouquets aromatiques tendent actuellement \u00e0 devenir moins nuanc\u00e9s, avec des notes d\u2019agrumes ou de fruits tropicaux souvent plus marqu\u00e9es, mais un profil global moins subtil qu\u2019auparavant. Cela s\u2019explique par une perte partielle de certains <strong>terp\u00e8nes l\u00e9gers<\/strong> tr\u00e8s sensibles \u00e0 la chaleur, tandis que d\u2019autres, plus robustes, prennent l\u2019ascendant.<\/p>\n<ul>\n  <li><strong>Diminution des monoterp\u00e8nes<\/strong> (linalol, limon\u00e8ne, myrc\u00e8ne)<\/li>\n  <li><strong>Concentration relative en sesquiterp\u00e8nes<\/strong> (caryophyll\u00e8ne, humul\u00e8ne)<\/li>\n  <li>Modification du rapport <strong>cannabino\u00efdes\/terp\u00e8nes<\/strong><\/li>\n<\/ul>\n\n<h2><span class=\"ez-toc-section\" id=\"Effets_de_la_secheresse_et_du_stress_hydrique_sur_les_aromes_des_fleurs\"><\/span>Effets de la s\u00e9cheresse et du stress hydrique sur les ar\u00f4mes des fleurs<span class=\"ez-toc-section-end\"><\/span><\/h2>\n<p>En dehors de la chaleur, le manque d\u2019eau constitue l\u2019autre grande menace du <strong>r\u00e9chauffement climatique<\/strong> pour le <strong>go\u00fbt du cannabis<\/strong>. Un d\u00e9ficit hydrique chronique ou un arrosage instable impacte la capacit\u00e9 de la plante \u00e0 synth\u00e9tiser correctement ses principaux <strong>compos\u00e9s aromatiques<\/strong>. Certaines souches, comme la <a href='https:\/\/weedy.fr\/product\/banana-kush-cbd-indoor-hydroponique'>Banana Kush Hydroponique<\/a>, sont s\u00e9lectionn\u00e9es pour leur r\u00e9sistance \u00e0 ces conditions.<\/p>\n<p>Sur le terrain, les producteurs soulignent que la <strong>s\u00e9cheresse<\/strong> peut provoquer deux tendances inverses selon le moment o\u00f9 intervient le stress&nbsp;:<\/p>\n<ul>\n  <li>Stress hydrique pr\u00e9-floraison&nbsp;: r\u00e9duction significative du rendement, ar\u00f4mes plus \u201cverts\u201d et herbac\u00e9s<\/li>\n  <li>Stress hydrique contr\u00f4l\u00e9 en fin de floraison&nbsp;: potentiel renforcement de certains profils aromatiques r\u00e9sineux<\/li>\n<\/ul>\n<p>Le juste \u00e9quilibre reste d\u00e9licat \u00e0 trouver, surtout en culture ext\u00e9rieure. L\u2019irrigation raisonn\u00e9e associ\u00e9e \u00e0 une gestion fine du <strong>curing<\/strong> devient alors primordiale pour pr\u00e9server au maximum le go\u00fbt originel des vari\u00e9t\u00e9s de cannabis s\u00e9lectionn\u00e9es.<\/p>\n\n<h2><span class=\"ez-toc-section\" id=\"Quels_effets_des_rayonnements_UV_accrus_sur_les_terpenes_et_cannabinoides\"><\/span>Quels effets des rayonnements UV accrus sur les terp\u00e8nes et cannabino\u00efdes&nbsp;?<span class=\"ez-toc-section-end\"><\/span><\/h2>\n<p>Le <strong>changement climatique<\/strong> s\u2019accompagne souvent d\u2019un accroissement de l\u2019ensoleillement et de la quantit\u00e9 d\u2019<strong>UV<\/strong> per\u00e7ue par les cultures. Chez le cannabis, ces rayonnements intenses peuvent booster la biosynth\u00e8se de certains <strong>m\u00e9tabolites secondaires<\/strong>, mais alt\u00e9rer d\u2019autres composants plus fragiles.<\/p>\n<p>Par exemple, un exc\u00e8s d\u2019UV stimule la production de <strong>trichomes<\/strong>\u2014de petites glandes r\u00e9sineuses contenant cannabino\u00efdes et terp\u00e8nes\u2014afin de prot\u00e9ger la plante. Toutefois, cette r\u00e9action n\u2019est pas homog\u00e8ne et influence diff\u00e9remment le <strong>go\u00fbt final<\/strong> selon le profil g\u00e9n\u00e9tique de la souche cultiv\u00e9e.<\/p>\n<table>\n  <tr>\n    <th>Facteur climatique<\/th>\n    <th>Cons\u00e9quence sur la plante<\/th>\n    <th>Impact attendu sur le go\u00fbt<\/th>\n  <\/tr>\n  <tr>\n    <td><strong>Exc\u00e8s d&rsquo;UV<\/strong><\/td>\n    <td>Biosynth\u00e8se accrue de trichomes<\/td>\n    <td>Go\u00fbt plus r\u00e9sineux, parfois amer<\/td>\n  <\/tr>\n  <tr>\n    <td><strong>Temp\u00e9ratures \u00e9lev\u00e9es<\/strong><\/td>\n    <td>Volatilisation rapide des terp\u00e8nes l\u00e9gers<\/td>\n    <td>Profil aromatique simplifi\u00e9<\/td>\n  <\/tr>\n  <tr>\n    <td><strong>S\u00e9cheresse<\/strong><\/td>\n    <td>Rendement diminu\u00e9, stress physiologique<\/td>\n    <td>Notes bois\u00e9es accentu\u00e9es<\/td>\n  <\/tr>\n<\/table>\n\n<h2><span class=\"ez-toc-section\" id=\"Retour_terrain_quand_le_producteur_temoigne_de_levolution_des_aromes\"><\/span>Retour terrain&nbsp;: quand le producteur t\u00e9moigne de l\u2019\u00e9volution des ar\u00f4mes<span class=\"ez-toc-section-end\"><\/span><\/h2>\n<p>Pour mieux comprendre ces m\u00e9canismes, la parole donn\u00e9e \u00e0 un cultivateur partenaire apporte l\u2019\u00e9clairage du v\u00e9cu. Voici, en condens\u00e9, quelques r\u00e9flexions recueillies aupr\u00e8s d\u2019un acteur professionnel implant\u00e9 dans une vall\u00e9e m\u00e9diterran\u00e9enne&nbsp;:<\/p>\n<ul>\n  <li>&quot;On voit clairement le <strong>changement climatique<\/strong> dans les dates de r\u00e9colte, tout arrive plus t\u00f4t.&quot;<\/li>\n  <li>&quot;Nos <strong>techniques de culture<\/strong> s\u2019adaptent&nbsp;: paillage organique, ombrage partiel et essais de nouvelles g\u00e9n\u00e9tiques ont pris beaucoup d\u2019importance.&quot;<\/li>\n  <li>&quot;C\u00f4t\u00e9 go\u00fbt, certaines ann\u00e9es c\u2019est flagrant\u2026 On a perdu un peu du c\u00f4t\u00e9 floral des vari\u00e9t\u00e9s anciennes, c\u2019est plus \u00e9pic\u00e9 et sec maintenant, c\u2019est le nouveau visage du terroir.&quot;<\/li>\n<\/ul>\n<p>Ce t\u00e9moignage confirme que l\u2019<strong>adaptation des plantes<\/strong> et des humains passe aussi par la diversit\u00e9 des pratiques. Le <strong>curing<\/strong> est optimis\u00e9 selon l\u2019hygrom\u00e9trie ext\u00e9rieure, et le choix des <strong>vari\u00e9t\u00e9s<\/strong> mise davantage sur la r\u00e9sistance que sur la seule intensit\u00e9 aromatique. C\u2019est le cas de la <a href='https:\/\/weedy.fr\/product\/harlequin-cbd-indoor'>Harlequin Indoor<\/a>, reconnue pour sa robustesse et la stabilit\u00e9 de ses ar\u00f4mes.<\/p>\n\n<h2><span class=\"ez-toc-section\" id=\"Biodiversite_genetique_et_creation_des_varietes_face_au_nouvel_environnement\"><\/span>Biodiversit\u00e9, g\u00e9n\u00e9tique et cr\u00e9ation des vari\u00e9t\u00e9s face au nouvel environnement<span class=\"ez-toc-section-end\"><\/span><\/h2>\n<p>Prot\u00e9ger la <strong>biodiversit\u00e9 g\u00e9n\u00e9tique<\/strong> du cannabis demeure crucial afin d\u2019offrir une palette aromatique riche malgr\u00e9 l\u2019uniformisation climatique. Les anciens <strong>cultivars locaux<\/strong>, porteurs naturels de tol\u00e9rance au stress, redeviennent recherch\u00e9s par ceux qui souhaitent conserver certains souvenirs gustatifs du pass\u00e9.<\/p>\n<p>Dans tous les bassins producteurs, les breeders travaillent d\u00e9j\u00e0 \u00e0 s\u00e9lectionner et hybrider des graines exprimant aromatiquement leur singularit\u00e9, m\u00eame avec de faibles ressources hydriques ou sous fort ensoleillement. D\u2019ailleurs, la <a href='https:\/\/weedy.fr\/blog\/la-nouvelle-caledonie-autorise-lexploitation-de-chanvre-industriel-a-titre-experimental\/'>Nouvelle-Cal\u00e9donie exp\u00e9rimente l\u2019exploitation du chanvre industriel<\/a>, illustrant l\u2019int\u00e9r\u00eat croissant pour des vari\u00e9t\u00e9s adapt\u00e9es aux nouveaux climats. Les catalogues proposent des gammes \u201cclimat chaud\u201d, dont les profils de <strong>terp\u00e8nes<\/strong> sugg\u00e8rent des adaptations lentes mais tangibles dans le temps.<\/p>\n\n<h3><span class=\"ez-toc-section\" id=\"Techniques_de_culture_innovantes_pour_preserver_le_gout\"><\/span>Techniques de culture innovantes pour pr\u00e9server le go\u00fbt<span class=\"ez-toc-section-end\"><\/span><\/h3>\n<p>L\u2019innovation continue chez les producteurs. Outre les serres \u00e0 haute performance \u00e9nerg\u00e9tique permettant de filtrer s\u00e9lectivement les <strong>UV<\/strong>, plusieurs m\u00e9thodes naturelles font aujourd\u2019hui \u00e9cole&nbsp;:<\/p>\n<ul>\n  <li><strong>Culture en pleine terre enrichie en compost mature<\/strong><\/li>\n  <li><strong>Association de plantes compagnes<\/strong> pour limiter l\u2019\u00e9vaporation<\/li>\n  <li><strong>Utilisation de filets d\u2019ombrage adaptatifs<\/strong><\/li>\n<\/ul>\n<p>Combin\u00e9es \u00e0 un <strong>curing<\/strong> lent sous contr\u00f4le, elles permettent de sauver une partie pr\u00e9cieuse des <strong>ar\u00f4mes<\/strong> en \u00e9vitant la fuite massive de <strong>terp\u00e8nes<\/strong> et d\u2019humidit\u00e9, facteurs cl\u00e9s du <strong>go\u00fbt du cannabis<\/strong>.<\/p>\n\n<h3><span class=\"ez-toc-section\" id=\"Adaptation_des_profils_aromatiques_et_attentes_du_consommateur\"><\/span>Adaptation des profils aromatiques et attentes du consommateur<span class=\"ez-toc-section-end\"><\/span><\/h3>\n<p>Au fil des saisons r\u00e9centes, les usagers les plus avertis constatent une certaine \u00e9volution des <strong>ar\u00f4mes<\/strong> disponibles. Certains regrettent la puissance florale ou fruit\u00e9e de fleurs issues de climats plus frais ou humides&nbsp;; d\u2019autres appr\u00e9cient les notes r\u00f4ties, poivr\u00e9es ou musqu\u00e9es qui refl\u00e8tent d\u00e9sormais davantage le <strong>terroir local<\/strong> actuel.<\/p>\n<p>Face \u00e0 ces transitions, la p\u00e9dagogie joue un r\u00f4le essentiel pour expliquer que l\u2019<strong>adaptation des plantes<\/strong> implique aussi celle des palais. Le dialogue avec les consommateurs sur la nouvelle qualit\u00e9 sensorielle doit accompagner cette mutation, en valorisant la sinc\u00e9rit\u00e9 du produit issu d\u2019un contexte <strong>climatique<\/strong> donn\u00e9 plut\u00f4t que de plaquer un standard gustatif ancien.<\/p>\n\n<h2><span class=\"ez-toc-section\" id=\"Questions_frequentes_sur_le_gout_du_cannabis_et_le_changement_climatique\"><\/span>Questions fr\u00e9quentes sur le go\u00fbt du cannabis et le changement climatique<span class=\"ez-toc-section-end\"><\/span><\/h2>\n\n<div itemscope itemtype=\"https:\/\/schema.org\/FAQPage\">\n  <div itemscope itemprop='mainEntity' itemtype='https:\/\/schema.org\/Question'>\n    <h3 itemprop='name'><span class=\"ez-toc-section\" id=\"Comment_le_changement_climatique_influence-t-il_la_composition_en_terpenes_du_cannabis\"><\/span>Comment le changement climatique influence-t-il la composition en terp\u00e8nes du cannabis&nbsp;?<span class=\"ez-toc-section-end\"><\/span><\/h3>\n    <div itemscope itemprop='acceptedAnswer' itemtype='https:\/\/schema.org\/Answer'><div itemprop='text'>\n      <p>L\u2019\u00e9volution des temp\u00e9ratures, de l\u2019humidit\u00e9 et des <strong>UV<\/strong> modifie la fa\u00e7on dont la plante synth\u00e9tise ses <strong>terp\u00e8nes<\/strong>. Certaines mol\u00e9cules fragiles voient leur concentration diminuer tandis que d\u2019autres deviennent dominantes. Par exemple, en climat chaud, on observe souvent une perte des notes fra\u00eeches et florales pour des profils plus lourds ou r\u00e9sineux.<\/p>\n      <ul>\n        <li><strong>Limon\u00e8ne<\/strong> et <strong>myrc\u00e8ne<\/strong> peuvent s\u2019\u00e9vaporer plus rapidement lors de fortes chaleurs<\/li>\n        <li><strong>Caryophyll\u00e8ne<\/strong> et <strong>humul\u00e8ne<\/strong> restent pr\u00e9sents ou augmentent<\/li>\n      <\/ul>\n      <table>\n        <tr><th>Terp\u00e8ne<\/th><th>Effet du climat chaud<\/th><\/tr>\n        <tr><td><strong>Myrc\u00e8ne<\/strong><\/td><td>Volatilisation accrue, perte d\u2019intensit\u00e9<\/td><\/tr>\n        <tr><td><strong>Caryophyll\u00e8ne<\/strong><\/td><td>Meilleure conservation, notes poivr\u00e9es renforc\u00e9es<\/td><\/tr>\n      <\/table>\n    <\/div><\/div>\n  <\/div>\n  <div itemscope itemprop='mainEntity' itemtype='https:\/\/schema.org\/Question'>\n    <h3 itemprop='name'><span class=\"ez-toc-section\" id=\"Quels_challenges_rencontrent_les_cultivateurs_de_cannabis_face_a_la_secheresse%E2%80%AF\"><\/span>Quels challenges rencontrent les cultivateurs de cannabis face \u00e0 la s\u00e9cheresse\u202f?<span class=\"ez-toc-section-end\"><\/span><\/h3>\n    <div itemscope itemprop='acceptedAnswer' itemtype='https:\/\/schema.org\/Answer'><div itemprop='text'>\n      <p>La <strong>s\u00e9cheresse<\/strong> complexifie la gestion de l&rsquo;irrigation et du timing de floraison, provoquant fr\u00e9quemment une baisse du rendement et une alt\u00e9ration du <strong>go\u00fbt des fleurs<\/strong>. Les ar\u00f4mes herbac\u00e9s ou bois\u00e9s peuvent dominer si le <strong>stress hydrique<\/strong> survient hors p\u00e9riode propice.<\/p>\n      <ul>\n        <li>Risque de diminution du poids des fleurs<\/li>\n        <li>Pertes d\u2019\u00e9quilibre aromatique<\/li>\n        <li>N\u00e9cessit\u00e9 d\u2019ajuster le <strong>curing<\/strong> post-r\u00e9colte<\/li>\n      <\/ul>\n    <\/div><\/div>\n  <\/div>\n  <div itemscope itemprop='mainEntity' itemtype='https:\/\/schema.org\/Question'>\n    <h3 itemprop='name'><span class=\"ez-toc-section\" id=\"Comment_les_genetiques_de_cannabis_evoluent-elles_pour_resister_au_rechauffement_climatique%E2%80%AF\"><\/span>Comment les g\u00e9n\u00e9tiques de cannabis \u00e9voluent-elles pour r\u00e9sister au r\u00e9chauffement climatique\u202f?<span class=\"ez-toc-section-end\"><\/span><\/h3>\n    <div itemscope itemprop='acceptedAnswer' itemtype='https:\/\/schema.org\/Answer'><div itemprop='text'>\n      <p>Les obtenteurs s\u00e9lectionnent progressivement des <strong>souches adapt\u00e9es<\/strong> \u00e0 la <strong>s\u00e9cheresse<\/strong>, \u00e0 la <strong>chaleur<\/strong> ou aux pathog\u00e8nes. Croiser des lign\u00e9es anciennes r\u00e9sistantes avec des cultivars modernes permet de pr\u00e9server saveur et rendement dans les nouveaux contextes violents.<\/p>\n      <ul>\n        <li>Hybrides supportant de longues p\u00e9riodes sans pluie<\/li>\n        <li>Maturit\u00e9 acc\u00e9l\u00e9r\u00e9e pour \u00e9viter les pics de chaleur tardive<\/li>\n        <li>Recherche d\u2019un meilleur compromis entre adaptation des plantes et persistance aromatique<\/li>\n      <\/ul>\n    <\/div><\/div>\n  <\/div>\n  <div itemscope itemprop='mainEntity' itemtype='https:\/\/schema.org\/Question'>\n    <h3 itemprop='name'><span class=\"ez-toc-section\" id=\"Peut-on_retrouver_le_gout_du_cannabis_davant_malgre_le_changement_climatique\"><\/span>Peut-on retrouver le go\u00fbt du cannabis d\u2019avant malgr\u00e9 le changement climatique&nbsp;?<span class=\"ez-toc-section-end\"><\/span><\/h3>\n    <div itemscope itemprop='acceptedAnswer' itemtype='https:\/\/schema.org\/Answer'><div itemprop='text'>\n      <p>Recr\u00e9er fid\u00e8lement le bouquet d\u2019autrefois se r\u00e9v\u00e8le de plus en plus complexe. N\u00e9anmoins, certains cultivateurs misent sur la diversit\u00e9 g\u00e9n\u00e9tique, le choix pr\u00e9cis du terroir et des techniques de culture pour retrouver des nuances proches, m\u00eame si la signature aromatique actuelle refl\u00e8te souvent l\u2019adaptation au climat en cours.<\/p>\n      <ul>\n        <li>Pr\u00e9servation de vieilles <strong>souches adapt\u00e9es<\/strong><\/li>\n        <li>Microclimats favorables utilis\u00e9s de fa\u00e7on strat\u00e9gique<\/li>\n      <\/ul>\n      <table>\n        <tr><th>M\u00e9thode<\/th><th>Efficacit\u00e9<\/th><\/tr>\n        <tr><td><strong>Curing prolong\u00e9<\/strong><\/td><td>Bonne conservation aromatique<\/td><\/tr>\n        <tr><td>Culture sous ombrage<\/td><td>R\u00e9duction drastique de la volatilisation des terp\u00e8nes<\/td><\/tr>\n      <\/table>\n    <\/div><\/div>\n  <\/div>\n<\/div>\n","protected":false},"excerpt":{"rendered":"<p>Sous l\u2019effet du r\u00e9chauffement climatique, l\u2019ensemble de la fili\u00e8re du cannabis fait face \u00e0 une transformation profonde des conditions de culture. Les fluctuations de temp\u00e9rature, les \u00e9pisodes de s\u00e9cheresse r\u00e9p\u00e9t\u00e9s, l\u2019augmentation de l\u2019intensit\u00e9 des UV ou encore les bouleversements hydriques ne concernent pas seulement les grandes cultures agricoles. Le go\u00fbt du cannabis, ses ar\u00f4mes et [&hellip;]<\/p>\n","protected":false},"author":95,"featured_media":0,"comment_status":"closed","ping_status":"open","sticky":false,"template":"","format":"standard","meta":{"_sitemap_exclude":false,"_sitemap_priority":"","_sitemap_frequency":"","footnotes":""},"categories":[370],"tags":[],"class_list":["post-366060","post","type-post","status-publish","format-standard","hentry","category-actualite-cbd"],"yoast_head":"<!-- This site is optimized with the Yoast SEO Premium plugin v28.3 (Yoast SEO v28.4) - https:\/\/yoast.com\/product\/yoast-seo-premium-wordpress\/ -->\n<title>Cannabis et Changement Climatique : Quel Go\u00fbt Pour Demain ?<\/title>\n<meta name=\"description\" content=\"D\u00e9couvrez comment le changement climatique transforme le go\u00fbt du cannabis et les d\u00e9fis auxquels font face les cultivateurs pour pr\u00e9server ses ar\u00f4mes.\" \/>\n<meta name=\"robots\" content=\"index, follow, max-snippet:-1, max-image-preview:large, max-video-preview:-1\" \/>\n<link rel=\"canonical\" href=\"https:\/\/weedy.fr\/blog\/cannabis-et-changement-climatique-les-fleurs-de-demain-auront-elles-le-meme-gout\/\" \/>\n<meta property=\"og:locale\" content=\"fr_FR\" \/>\n<meta property=\"og:type\" content=\"article\" \/>\n<meta property=\"og:title\" content=\"\ud83c\udf31Cannabis et changement climatique : les fleurs de demain auront-elles le m\u00eame go\u00fbt ? - Weedy.Fr\ud83c\udf31\" \/>\n<meta property=\"og:description\" content=\"D\u00e9couvrez comment le changement climatique transforme le go\u00fbt du cannabis et les d\u00e9fis auxquels font face les cultivateurs pour pr\u00e9server ses ar\u00f4mes.\" \/>\n<meta property=\"og:url\" content=\"https:\/\/weedy.fr\/blog\/cannabis-et-changement-climatique-les-fleurs-de-demain-auront-elles-le-meme-gout\/\" \/>\n<meta property=\"og:site_name\" content=\"Actualit\u00e9s CBD Blog - Weedy.fr\" \/>\n<meta property=\"article:publisher\" content=\"https:\/\/www.facebook.com\/weedysocial\" \/>\n<meta property=\"article:published_time\" content=\"2026-09-03T03:47:00+00:00\" \/>\n<meta property=\"og:image\" content=\"https:\/\/weedy.fr\/blog\/wp-content\/uploads\/2024\/05\/logo-carre.jpg\" \/>\n\t<meta property=\"og:image:width\" content=\"582\" \/>\n\t<meta property=\"og:image:height\" content=\"582\" \/>\n\t<meta property=\"og:image:type\" content=\"image\/jpeg\" \/>\n<meta name=\"author\" content=\"Alexandre Lacarr\u00e9\" \/>\n<meta name=\"twitter:card\" content=\"summary_large_image\" \/>\n<meta name=\"twitter:label1\" content=\"\u00c9crit par\" \/>\n\t<meta name=\"twitter:data1\" content=\"Alexandre Lacarr\u00e9\" \/>\n\t<meta name=\"twitter:label2\" content=\"Dur\u00e9e de lecture estim\u00e9e\" \/>\n\t<meta name=\"twitter:data2\" content=\"9 minutes\" \/>\n<script type=\"application\/ld+json\" class=\"yoast-schema-graph\">{\"@context\":\"https:\\\/\\\/schema.org\",\"@graph\":[{\"@type\":\"Article\",\"@id\":\"https:\\\/\\\/weedy.fr\\\/blog\\\/cannabis-et-changement-climatique-les-fleurs-de-demain-auront-elles-le-meme-gout\\\/#article\",\"isPartOf\":{\"@id\":\"https:\\\/\\\/weedy.fr\\\/blog\\\/cannabis-et-changement-climatique-les-fleurs-de-demain-auront-elles-le-meme-gout\\\/\"},\"author\":{\"name\":\"Alexandre Lacarr\u00e9\",\"@id\":\"https:\\\/\\\/weedy.fr\\\/blog\\\/#\\\/schema\\\/person\\\/54c87d7e580413b08a5b875474a54f4e\"},\"headline\":\"Cannabis et changement climatique : les fleurs de demain auront-elles le m\u00eame go\u00fbt ?\",\"datePublished\":\"2026-09-03T03:47:00+00:00\",\"mainEntityOfPage\":{\"@id\":\"https:\\\/\\\/weedy.fr\\\/blog\\\/cannabis-et-changement-climatique-les-fleurs-de-demain-auront-elles-le-meme-gout\\\/\"},\"wordCount\":1830,\"publisher\":{\"@id\":\"https:\\\/\\\/weedy.fr\\\/blog\\\/#organization\"},\"articleSection\":[\"Actualit\u00e9s du CBD\"],\"inLanguage\":\"fr-FR\"},{\"@type\":\"WebPage\",\"@id\":\"https:\\\/\\\/weedy.fr\\\/blog\\\/cannabis-et-changement-climatique-les-fleurs-de-demain-auront-elles-le-meme-gout\\\/\",\"url\":\"https:\\\/\\\/weedy.fr\\\/blog\\\/cannabis-et-changement-climatique-les-fleurs-de-demain-auront-elles-le-meme-gout\\\/\",\"name\":\"Cannabis et Changement Climatique : Quel Go\u00fbt Pour Demain ?\",\"isPartOf\":{\"@id\":\"https:\\\/\\\/weedy.fr\\\/blog\\\/#website\"},\"datePublished\":\"2026-09-03T03:47:00+00:00\",\"description\":\"D\u00e9couvrez comment le changement climatique transforme le go\u00fbt du cannabis et les d\u00e9fis auxquels font face les cultivateurs pour pr\u00e9server ses ar\u00f4mes.\",\"breadcrumb\":{\"@id\":\"https:\\\/\\\/weedy.fr\\\/blog\\\/cannabis-et-changement-climatique-les-fleurs-de-demain-auront-elles-le-meme-gout\\\/#breadcrumb\"},\"inLanguage\":\"fr-FR\",\"potentialAction\":[{\"@type\":\"ReadAction\",\"target\":[\"https:\\\/\\\/weedy.fr\\\/blog\\\/cannabis-et-changement-climatique-les-fleurs-de-demain-auront-elles-le-meme-gout\\\/\"]}]},{\"@type\":\"BreadcrumbList\",\"@id\":\"https:\\\/\\\/weedy.fr\\\/blog\\\/cannabis-et-changement-climatique-les-fleurs-de-demain-auront-elles-le-meme-gout\\\/#breadcrumb\",\"itemListElement\":[{\"@type\":\"ListItem\",\"position\":1,\"name\":\"CBD Blog\",\"item\":\"https:\\\/\\\/weedy.fr\\\/blog\\\/\"},{\"@type\":\"ListItem\",\"position\":2,\"name\":\"Culture du CBD\",\"item\":\"https:\\\/\\\/weedy.fr\\\/blog\\\/category\\\/culture-cbd\\\/\"},{\"@type\":\"ListItem\",\"position\":3,\"name\":\"Actualit\u00e9s du CBD\",\"item\":\"https:\\\/\\\/weedy.fr\\\/blog\\\/category\\\/culture-cbd\\\/actualite-cbd\\\/\"},{\"@type\":\"ListItem\",\"position\":4,\"name\":\"Cannabis et changement climatique : les fleurs de demain auront-elles le m\u00eame go\u00fbt ?\"}]},{\"@type\":\"WebSite\",\"@id\":\"https:\\\/\\\/weedy.fr\\\/blog\\\/#website\",\"url\":\"https:\\\/\\\/weedy.fr\\\/blog\\\/\",\"name\":\"Actualit\u00e9s CBD Blog - Weedy.fr\",\"description\":\"Le meilleur de l&#039;actualit\u00e9 du CBD et du chanvre en France\",\"publisher\":{\"@id\":\"https:\\\/\\\/weedy.fr\\\/blog\\\/#organization\"},\"alternateName\":\"Weedy.fr\",\"potentialAction\":[{\"@type\":\"SearchAction\",\"target\":{\"@type\":\"EntryPoint\",\"urlTemplate\":\"https:\\\/\\\/weedy.fr\\\/blog\\\/?s={search_term_string}\"},\"query-input\":{\"@type\":\"PropertyValueSpecification\",\"valueRequired\":true,\"valueName\":\"search_term_string\"}}],\"inLanguage\":\"fr-FR\"},{\"@type\":\"Organization\",\"@id\":\"https:\\\/\\\/weedy.fr\\\/blog\\\/#organization\",\"name\":\"Weedy.fr\",\"alternateName\":\"Weedy.fr\",\"url\":\"https:\\\/\\\/weedy.fr\\\/blog\\\/\",\"logo\":{\"@type\":\"ImageObject\",\"inLanguage\":\"fr-FR\",\"@id\":\"https:\\\/\\\/weedy.fr\\\/blog\\\/#\\\/schema\\\/logo\\\/image\\\/\",\"url\":\"https:\\\/\\\/weedy.fr\\\/blog\\\/wp-content\\\/uploads\\\/2024\\\/05\\\/logo-carre.jpg\",\"contentUrl\":\"https:\\\/\\\/weedy.fr\\\/blog\\\/wp-content\\\/uploads\\\/2024\\\/05\\\/logo-carre.jpg\",\"width\":582,\"height\":582,\"caption\":\"Weedy.fr\"},\"image\":{\"@id\":\"https:\\\/\\\/weedy.fr\\\/blog\\\/#\\\/schema\\\/logo\\\/image\\\/\"},\"sameAs\":[\"https:\\\/\\\/www.facebook.com\\\/weedysocial\",\"https:\\\/\\\/www.instagram.com\\\/weedyfrance\\\/\"],\"description\":\"Leader en france sur la vente de produits \u00e0 base de CBD\",\"email\":\"support@weedy.fr\",\"telephone\":\"0187651030\",\"legalName\":\"Weedy.fr\"},{\"@type\":\"Person\",\"@id\":\"https:\\\/\\\/weedy.fr\\\/blog\\\/#\\\/schema\\\/person\\\/54c87d7e580413b08a5b875474a54f4e\",\"name\":\"Alexandre Lacarr\u00e9\",\"image\":{\"@type\":\"ImageObject\",\"inLanguage\":\"fr-FR\",\"@id\":\"https:\\\/\\\/secure.gravatar.com\\\/avatar\\\/e5ede08fa6bfcbfc59ce9a91c3db2da4d48324aacb4d3157006c217cb2a2b125?s=96&d=mm&r=g\",\"url\":\"https:\\\/\\\/secure.gravatar.com\\\/avatar\\\/e5ede08fa6bfcbfc59ce9a91c3db2da4d48324aacb4d3157006c217cb2a2b125?s=96&d=mm&r=g\",\"contentUrl\":\"https:\\\/\\\/secure.gravatar.com\\\/avatar\\\/e5ede08fa6bfcbfc59ce9a91c3db2da4d48324aacb4d3157006c217cb2a2b125?s=96&d=mm&r=g\",\"caption\":\"Alexandre Lacarr\u00e9\"},\"description\":\"Alexandre Lacarr\u00e9 est reconnu comme un leader innovant et influent dans l'industrie du cannabidiol (CBD). Alexandre a d\u00e9but\u00e9 sa carri\u00e8re dans le secteur des biotechnologies, o\u00f9 il a acquis une expertise pr\u00e9cieuse en recherche et d\u00e9veloppement. Passionn\u00e9 par les potentiels th\u00e9rapeutiques des compos\u00e9s naturels, il s'est rapidement orient\u00e9 vers l'industrie naissante du CBD.\",\"sameAs\":[\"https:\\\/\\\/www.linkedin.com\\\/in\\\/alexandre-henri-lacarr-785850186\\\/\"],\"honorificPrefix\":\"Mr\",\"gender\":\"homme\",\"knowsAbout\":[\"CBD\",\"Cannabis\",\"Copywriter\"],\"worksFor\":\"Weedy.fr\",\"url\":\"https:\\\/\\\/weedy.fr\\\/blog\\\/author\\\/fiacre\\\/\"}]}<\/script>\n<!-- \/ Yoast SEO Premium plugin. -->","yoast_head_json":{"title":"Cannabis et Changement Climatique : Quel Go\u00fbt Pour Demain ?","description":"D\u00e9couvrez comment le changement climatique transforme le go\u00fbt du cannabis et les d\u00e9fis auxquels font face les cultivateurs pour pr\u00e9server ses ar\u00f4mes.","robots":{"index":"index","follow":"follow","max-snippet":"max-snippet:-1","max-image-preview":"max-image-preview:large","max-video-preview":"max-video-preview:-1"},"canonical":"https:\/\/weedy.fr\/blog\/cannabis-et-changement-climatique-les-fleurs-de-demain-auront-elles-le-meme-gout\/","og_locale":"fr_FR","og_type":"article","og_title":"\ud83c\udf31Cannabis et changement climatique : les fleurs de demain auront-elles le m\u00eame go\u00fbt ? - Weedy.Fr\ud83c\udf31","og_description":"D\u00e9couvrez comment le changement climatique transforme le go\u00fbt du cannabis et les d\u00e9fis auxquels font face les cultivateurs pour pr\u00e9server ses ar\u00f4mes.","og_url":"https:\/\/weedy.fr\/blog\/cannabis-et-changement-climatique-les-fleurs-de-demain-auront-elles-le-meme-gout\/","og_site_name":"Actualit\u00e9s CBD Blog - Weedy.fr","article_publisher":"https:\/\/www.facebook.com\/weedysocial","article_published_time":"2026-09-03T03:47:00+00:00","og_image":[{"width":582,"height":582,"url":"https:\/\/weedy.fr\/blog\/wp-content\/uploads\/2024\/05\/logo-carre.jpg","type":"image\/jpeg"}],"author":"Alexandre Lacarr\u00e9","twitter_card":"summary_large_image","twitter_misc":{"\u00c9crit par":"Alexandre Lacarr\u00e9","Dur\u00e9e de lecture estim\u00e9e":"9 minutes"},"schema":{"@context":"https:\/\/schema.org","@graph":[{"@type":"Article","@id":"https:\/\/weedy.fr\/blog\/cannabis-et-changement-climatique-les-fleurs-de-demain-auront-elles-le-meme-gout\/#article","isPartOf":{"@id":"https:\/\/weedy.fr\/blog\/cannabis-et-changement-climatique-les-fleurs-de-demain-auront-elles-le-meme-gout\/"},"author":{"name":"Alexandre Lacarr\u00e9","@id":"https:\/\/weedy.fr\/blog\/#\/schema\/person\/54c87d7e580413b08a5b875474a54f4e"},"headline":"Cannabis et changement climatique : les fleurs de demain auront-elles le m\u00eame go\u00fbt ?","datePublished":"2026-09-03T03:47:00+00:00","mainEntityOfPage":{"@id":"https:\/\/weedy.fr\/blog\/cannabis-et-changement-climatique-les-fleurs-de-demain-auront-elles-le-meme-gout\/"},"wordCount":1830,"publisher":{"@id":"https:\/\/weedy.fr\/blog\/#organization"},"articleSection":["Actualit\u00e9s du CBD"],"inLanguage":"fr-FR"},{"@type":"WebPage","@id":"https:\/\/weedy.fr\/blog\/cannabis-et-changement-climatique-les-fleurs-de-demain-auront-elles-le-meme-gout\/","url":"https:\/\/weedy.fr\/blog\/cannabis-et-changement-climatique-les-fleurs-de-demain-auront-elles-le-meme-gout\/","name":"Cannabis et Changement Climatique : Quel Go\u00fbt Pour Demain ?","isPartOf":{"@id":"https:\/\/weedy.fr\/blog\/#website"},"datePublished":"2026-09-03T03:47:00+00:00","description":"D\u00e9couvrez comment le changement climatique transforme le go\u00fbt du cannabis et les d\u00e9fis auxquels font face les cultivateurs pour pr\u00e9server ses ar\u00f4mes.","breadcrumb":{"@id":"https:\/\/weedy.fr\/blog\/cannabis-et-changement-climatique-les-fleurs-de-demain-auront-elles-le-meme-gout\/#breadcrumb"},"inLanguage":"fr-FR","potentialAction":[{"@type":"ReadAction","target":["https:\/\/weedy.fr\/blog\/cannabis-et-changement-climatique-les-fleurs-de-demain-auront-elles-le-meme-gout\/"]}]},{"@type":"BreadcrumbList","@id":"https:\/\/weedy.fr\/blog\/cannabis-et-changement-climatique-les-fleurs-de-demain-auront-elles-le-meme-gout\/#breadcrumb","itemListElement":[{"@type":"ListItem","position":1,"name":"CBD Blog","item":"https:\/\/weedy.fr\/blog\/"},{"@type":"ListItem","position":2,"name":"Culture du CBD","item":"https:\/\/weedy.fr\/blog\/category\/culture-cbd\/"},{"@type":"ListItem","position":3,"name":"Actualit\u00e9s du CBD","item":"https:\/\/weedy.fr\/blog\/category\/culture-cbd\/actualite-cbd\/"},{"@type":"ListItem","position":4,"name":"Cannabis et changement climatique : les fleurs de demain auront-elles le m\u00eame go\u00fbt ?"}]},{"@type":"WebSite","@id":"https:\/\/weedy.fr\/blog\/#website","url":"https:\/\/weedy.fr\/blog\/","name":"Actualit\u00e9s CBD Blog - Weedy.fr","description":"Le meilleur de l&#039;actualit\u00e9 du CBD et du chanvre en France","publisher":{"@id":"https:\/\/weedy.fr\/blog\/#organization"},"alternateName":"Weedy.fr","potentialAction":[{"@type":"SearchAction","target":{"@type":"EntryPoint","urlTemplate":"https:\/\/weedy.fr\/blog\/?s={search_term_string}"},"query-input":{"@type":"PropertyValueSpecification","valueRequired":true,"valueName":"search_term_string"}}],"inLanguage":"fr-FR"},{"@type":"Organization","@id":"https:\/\/weedy.fr\/blog\/#organization","name":"Weedy.fr","alternateName":"Weedy.fr","url":"https:\/\/weedy.fr\/blog\/","logo":{"@type":"ImageObject","inLanguage":"fr-FR","@id":"https:\/\/weedy.fr\/blog\/#\/schema\/logo\/image\/","url":"https:\/\/weedy.fr\/blog\/wp-content\/uploads\/2024\/05\/logo-carre.jpg","contentUrl":"https:\/\/weedy.fr\/blog\/wp-content\/uploads\/2024\/05\/logo-carre.jpg","width":582,"height":582,"caption":"Weedy.fr"},"image":{"@id":"https:\/\/weedy.fr\/blog\/#\/schema\/logo\/image\/"},"sameAs":["https:\/\/www.facebook.com\/weedysocial","https:\/\/www.instagram.com\/weedyfrance\/"],"description":"Leader en france sur la vente de produits \u00e0 base de CBD","email":"support@weedy.fr","telephone":"0187651030","legalName":"Weedy.fr"},{"@type":"Person","@id":"https:\/\/weedy.fr\/blog\/#\/schema\/person\/54c87d7e580413b08a5b875474a54f4e","name":"Alexandre Lacarr\u00e9","image":{"@type":"ImageObject","inLanguage":"fr-FR","@id":"https:\/\/secure.gravatar.com\/avatar\/e5ede08fa6bfcbfc59ce9a91c3db2da4d48324aacb4d3157006c217cb2a2b125?s=96&d=mm&r=g","url":"https:\/\/secure.gravatar.com\/avatar\/e5ede08fa6bfcbfc59ce9a91c3db2da4d48324aacb4d3157006c217cb2a2b125?s=96&d=mm&r=g","contentUrl":"https:\/\/secure.gravatar.com\/avatar\/e5ede08fa6bfcbfc59ce9a91c3db2da4d48324aacb4d3157006c217cb2a2b125?s=96&d=mm&r=g","caption":"Alexandre Lacarr\u00e9"},"description":"Alexandre Lacarr\u00e9 est reconnu comme un leader innovant et influent dans l'industrie du cannabidiol (CBD). Alexandre a d\u00e9but\u00e9 sa carri\u00e8re dans le secteur des biotechnologies, o\u00f9 il a acquis une expertise pr\u00e9cieuse en recherche et d\u00e9veloppement. Passionn\u00e9 par les potentiels th\u00e9rapeutiques des compos\u00e9s naturels, il s'est rapidement orient\u00e9 vers l'industrie naissante du CBD.","sameAs":["https:\/\/www.linkedin.com\/in\/alexandre-henri-lacarr-785850186\/"],"honorificPrefix":"Mr","gender":"homme","knowsAbout":["CBD","Cannabis","Copywriter"],"worksFor":"Weedy.fr","url":"https:\/\/weedy.fr\/blog\/author\/fiacre\/"}]}},"_links":{"self":[{"href":"https:\/\/weedy.fr\/blog\/wp-json\/wp\/v2\/posts\/366060","targetHints":{"allow":["GET"]}}],"collection":[{"href":"https:\/\/weedy.fr\/blog\/wp-json\/wp\/v2\/posts"}],"about":[{"href":"https:\/\/weedy.fr\/blog\/wp-json\/wp\/v2\/types\/post"}],"author":[{"embeddable":true,"href":"https:\/\/weedy.fr\/blog\/wp-json\/wp\/v2\/users\/95"}],"replies":[{"embeddable":true,"href":"https:\/\/weedy.fr\/blog\/wp-json\/wp\/v2\/comments?post=366060"}],"version-history":[{"count":1,"href":"https:\/\/weedy.fr\/blog\/wp-json\/wp\/v2\/posts\/366060\/revisions"}],"predecessor-version":[{"id":366061,"href":"https:\/\/weedy.fr\/blog\/wp-json\/wp\/v2\/posts\/366060\/revisions\/366061"}],"wp:attachment":[{"href":"https:\/\/weedy.fr\/blog\/wp-json\/wp\/v2\/media?parent=366060"}],"wp:term":[{"taxonomy":"category","embeddable":true,"href":"https:\/\/weedy.fr\/blog\/wp-json\/wp\/v2\/categories?post=366060"},{"taxonomy":"post_tag","embeddable":true,"href":"https:\/\/weedy.fr\/blog\/wp-json\/wp\/v2\/tags?post=366060"}],"curies":[{"name":"wp","href":"https:\/\/api.w.org\/{rel}","templated":true}]}}