{"id":366188,"date":"2026-08-31T05:47:00","date_gmt":"2026-08-31T03:47:00","guid":{"rendered":"https:\/\/weedy.fr\/blog\/?p=366188"},"modified":"2026-08-26T17:54:00","modified_gmt":"2026-08-26T15:54:00","slug":"blond-dehors-noir-dedans-pourquoi-la-couleur-d-une-resine-peut-elle-changer-dans-la-masse","status":"publish","type":"post","link":"https:\/\/weedy.fr\/blog\/blond-dehors-noir-dedans-pourquoi-la-couleur-d-une-resine-peut-elle-changer-dans-la-masse\/","title":{"rendered":"Blond dehors, noir dedans : pourquoi la couleur d\u2019une r\u00e9sine peut-elle changer dans la masse ?"},"content":{"rendered":"<p>La <strong>r\u00e9sine<\/strong> intrigue par ses variations de teinte et son aspect myst\u00e9rieux. Il est fr\u00e9quent de d\u00e9couvrir une r\u00e9sine blonde en surface qui r\u00e9v\u00e8le un c\u0153ur nettement plus fonc\u00e9, presque noir, lorsqu\u2019on la coupe. Ce ph\u00e9nom\u00e8ne suscite la curiosit\u00e9 des passionn\u00e9s et alimente les d\u00e9bats sur la <strong>qualit\u00e9<\/strong> ou l\u2019origine du mat\u00e9riau. Pourtant, la <strong>coloration<\/strong> d\u2019une r\u00e9sine n\u2019est jamais le fruit du hasard. La couleur ne permet pas \u00e0 elle seule de juger de sa puret\u00e9 ou de sa provenance : elle r\u00e9sulte d\u2019un ensemble complexe de facteurs physiques, chimiques et techniques. Comprendre ces m\u00e9canismes aide \u00e0 appr\u00e9cier la diversit\u00e9 des r\u00e9sines sans se laisser pi\u00e9ger par des id\u00e9es re\u00e7ues.<\/p>\n\n<div id=\"ez-toc-container\" class=\"ez-toc-v2_0_86 counter-hierarchy ez-toc-counter ez-toc-grey ez-toc-container-direction\">\n<div class=\"ez-toc-title-container\">\n<p class=\"ez-toc-title\" style=\"cursor:inherit\">Sommaire<\/p>\n<span class=\"ez-toc-title-toggle\"><a href=\"#\" class=\"ez-toc-pull-right ez-toc-btn ez-toc-btn-xs ez-toc-btn-default ez-toc-toggle\" aria-label=\"Toggle Table of Content\"><span class=\"ez-toc-js-icon-con\"><span class=\"\"><span class=\"eztoc-hide\" style=\"display:none;\">Toggle<\/span><span class=\"ez-toc-icon-toggle-span\"><svg style=\"fill: #43b981;color:#43b981\" xmlns=\"http:\/\/www.w3.org\/2000\/svg\" class=\"list-377408\" width=\"20px\" height=\"20px\" viewBox=\"0 0 24 24\" fill=\"none\"><path d=\"M6 6H4v2h2V6zm14 0H8v2h12V6zM4 11h2v2H4v-2zm16 0H8v2h12v-2zM4 16h2v2H4v-2zm16 0H8v2h12v-2z\" fill=\"currentColor\"><\/path><\/svg><svg style=\"fill: #43b981;color:#43b981\" class=\"arrow-unsorted-368013\" xmlns=\"http:\/\/www.w3.org\/2000\/svg\" width=\"10px\" height=\"10px\" viewBox=\"0 0 24 24\" version=\"1.2\" baseProfile=\"tiny\"><path d=\"M18.2 9.3l-6.2-6.3-6.2 6.3c-.2.2-.3.4-.3.7s.1.5.3.7c.2.2.4.3.7.3h11c.3 0 .5-.1.7-.3.2-.2.3-.5.3-.7s-.1-.5-.3-.7zM5.8 14.7l6.2 6.3 6.2-6.3c.2-.2.3-.5.3-.7s-.1-.5-.3-.7c-.2-.2-.4-.3-.7-.3h-11c-.3 0-.5.1-.7.3-.2.2-.3.5-.3.7s.1.5.3.7z\"\/><\/svg><\/span><\/span><\/span><\/a><\/span><\/div>\n<nav><ul class='ez-toc-list ez-toc-list-level-1 ' ><li class='ez-toc-page-1 ez-toc-heading-level-2'><a class=\"ez-toc-link ez-toc-heading-1\" href=\"https:\/\/weedy.fr\/blog\/blond-dehors-noir-dedans-pourquoi-la-couleur-d-une-resine-peut-elle-changer-dans-la-masse\/#De_quoi_depend_la_couleur_dune_resine\" >De quoi d\u00e9pend la couleur d\u2019une r\u00e9sine&nbsp;?<\/a><\/li><li class='ez-toc-page-1 ez-toc-heading-level-2'><a class=\"ez-toc-link ez-toc-heading-2\" href=\"https:\/\/weedy.fr\/blog\/blond-dehors-noir-dedans-pourquoi-la-couleur-d-une-resine-peut-elle-changer-dans-la-masse\/#Exposition_superficielle_a_lair_et_oxydation_comment_sopere_le_contraste\" >Exposition superficielle \u00e0 l\u2019air et oxydation&nbsp;: comment s\u2019op\u00e8re le contraste&nbsp;?<\/a><ul class='ez-toc-list-level-3' ><li class='ez-toc-heading-level-3'><a class=\"ez-toc-link ez-toc-heading-3\" href=\"https:\/\/weedy.fr\/blog\/blond-dehors-noir-dedans-pourquoi-la-couleur-d-une-resine-peut-elle-changer-dans-la-masse\/#Les_mecanismes_precis_de_loxydation_de_surface\" >Les m\u00e9canismes pr\u00e9cis de l\u2019oxydation de surface<\/a><\/li><li class='ez-toc-page-1 ez-toc-heading-level-3'><a class=\"ez-toc-link ez-toc-heading-4\" href=\"https:\/\/weedy.fr\/blog\/blond-dehors-noir-dedans-pourquoi-la-couleur-d-une-resine-peut-elle-changer-dans-la-masse\/#Pourquoi_la_couleur_ne_garantit_jamais_la_qualite\" >Pourquoi la couleur ne garantit jamais la qualit\u00e9&nbsp;?<\/a><\/li><\/ul><\/li><li class='ez-toc-page-1 ez-toc-heading-level-2'><a class=\"ez-toc-link ez-toc-heading-5\" href=\"https:\/\/weedy.fr\/blog\/blond-dehors-noir-dedans-pourquoi-la-couleur-d-une-resine-peut-elle-changer-dans-la-masse\/#Quel_role_jouent_pression_temperature_et_structure_interne_dans_la_variation_des_couleurs\" >Quel r\u00f4le jouent pression, temp\u00e9rature et structure interne dans la variation des couleurs&nbsp;?<\/a><ul class='ez-toc-list-level-3' ><li class='ez-toc-heading-level-3'><a class=\"ez-toc-link ez-toc-heading-6\" href=\"https:\/\/weedy.fr\/blog\/blond-dehors-noir-dedans-pourquoi-la-couleur-d-une-resine-peut-elle-changer-dans-la-masse\/#Temperature_et_durcissement_quelles_consequences_visibles\" >Temp\u00e9rature et durcissement&nbsp;: quelles cons\u00e9quences visibles&nbsp;?<\/a><\/li><li class='ez-toc-page-1 ez-toc-heading-level-3'><a class=\"ez-toc-link ez-toc-heading-7\" href=\"https:\/\/weedy.fr\/blog\/blond-dehors-noir-dedans-pourquoi-la-couleur-d-une-resine-peut-elle-changer-dans-la-masse\/#Effet_de_la_structure_interne_porosite_et_inclusion\" >Effet de la structure interne&nbsp;: porosit\u00e9 et inclusion<\/a><\/li><\/ul><\/li><li class='ez-toc-page-1 ez-toc-heading-level-2'><a class=\"ez-toc-link ez-toc-heading-8\" href=\"https:\/\/weedy.fr\/blog\/blond-dehors-noir-dedans-pourquoi-la-couleur-d-une-resine-peut-elle-changer-dans-la-masse\/#Comment_prevenir_ou_attenuer_les_problemes_lies_au_changement_daspect\" >Comment pr\u00e9venir ou att\u00e9nuer les probl\u00e8mes li\u00e9s au changement d\u2019aspect&nbsp;?<\/a><\/li><li class='ez-toc-page-1 ez-toc-heading-level-2'><a class=\"ez-toc-link ez-toc-heading-9\" href=\"https:\/\/weedy.fr\/blog\/blond-dehors-noir-dedans-pourquoi-la-couleur-d-une-resine-peut-elle-changer-dans-la-masse\/#Questions_frequentes_sur_la_couleur_des_resines_et_leur_evolution\" >Questions fr\u00e9quentes sur la couleur des r\u00e9sines et leur \u00e9volution<\/a><ul class='ez-toc-list-level-3' ><li class='ez-toc-heading-level-3'><a class=\"ez-toc-link ez-toc-heading-10\" href=\"https:\/\/weedy.fr\/blog\/blond-dehors-noir-dedans-pourquoi-la-couleur-d-une-resine-peut-elle-changer-dans-la-masse\/#La_coloration_dune_resine_peut-elle_reveler_des_problemes_de_qualite\" >La coloration d&rsquo;une r\u00e9sine peut-elle r\u00e9v\u00e9ler des probl\u00e8mes de qualit\u00e9 ?<\/a><\/li><li class='ez-toc-page-1 ez-toc-heading-level-3'><a class=\"ez-toc-link ez-toc-heading-11\" href=\"https:\/\/weedy.fr\/blog\/blond-dehors-noir-dedans-pourquoi-la-couleur-d-une-resine-peut-elle-changer-dans-la-masse\/#Comment_reconnaitre_un_jaunissement_du_a_loxydation\" >Comment reconna\u00eetre un jaunissement d\u00fb \u00e0 l\u2019oxydation&nbsp;?<\/a><\/li><li class='ez-toc-page-1 ez-toc-heading-level-3'><a class=\"ez-toc-link ez-toc-heading-12\" href=\"https:\/\/weedy.fr\/blog\/blond-dehors-noir-dedans-pourquoi-la-couleur-d-une-resine-peut-elle-changer-dans-la-masse\/#Quels_pigments_sont_privilegies_pour_obtenir_une_coloration_stable\" >Quels pigments sont privil\u00e9gi\u00e9s pour obtenir une coloration stable&nbsp;?<\/a><\/li><li class='ez-toc-page-1 ez-toc-heading-level-3'><a class=\"ez-toc-link ez-toc-heading-13\" href=\"https:\/\/weedy.fr\/blog\/blond-dehors-noir-dedans-pourquoi-la-couleur-d-une-resine-peut-elle-changer-dans-la-masse\/#Couper_une_resine_en_plusieurs_blocs_influence-t-il_la_coloration_percue\" >Couper une r\u00e9sine en plusieurs blocs influence-t-il la coloration per\u00e7ue&nbsp;?<\/a><\/li><\/ul><\/li><\/ul><\/nav><\/div>\n<h2><span class=\"ez-toc-section\" id=\"De_quoi_depend_la_couleur_dune_resine\"><\/span>De quoi d\u00e9pend la couleur d\u2019une r\u00e9sine&nbsp;?<span class=\"ez-toc-section-end\"><\/span><\/h2>\n<p>La <strong>couleur<\/strong> visible en surface d\u2019une <strong>r\u00e9sine<\/strong> provient d\u2019un \u00e9quilibre subtil entre sa composition, la mani\u00e8re dont elle a \u00e9t\u00e9 travaill\u00e9e, son exposition \u00e0 l\u2019air, ainsi que les choix r\u00e9alis\u00e9s lors de sa fabrication. Beaucoup pensent encore qu\u2019il suffit d\u2019observer l\u2019aspect ext\u00e9rieur pour \u00e9valuer la qualit\u00e9 d\u2019un produit, mais la r\u00e9alit\u00e9 est bien plus nuanc\u00e9e. Pour ceux qui souhaitent d\u00e9couvrir des vari\u00e9t\u00e9s embl\u00e9matiques, le <a href='https:\/\/weedy.fr\/product\/king-hassan-resine-de-cbd-easy-weed'>King Hassan<\/a> est un exemple appr\u00e9ci\u00e9 par les connaisseurs. La pigmentation interne ou externe ne constitue jamais un indicateur fiable de la qualit\u00e9 finale.<\/p>\n<p>Plusieurs ph\u00e9nom\u00e8nes interviennent dans le <strong>changement de coloration<\/strong> d\u2019une r\u00e9sine&nbsp;: l\u2019<strong>oxydation<\/strong>, la pr\u00e9sence de <strong>pigments<\/strong> ou de <strong>colorants<\/strong> naturels (tanins, mol\u00e9cules aromatiques, compos\u00e9s organiques), la <strong>temp\u00e9rature<\/strong>, la <strong>pression<\/strong> appliqu\u00e9e lors du pressage, le type de s\u00e9chage ou m\u00eame la nature du <strong>durcisseur<\/strong>. Parmi les r\u00e9sines connues pour leurs caract\u00e9ristiques uniques, <a href='https:\/\/weedy.fr\/product\/l-afghan-26-resine-de-cbd-easy-weed'>L&#039;Afghan CBD<\/a> illustre bien la diversit\u00e9 des nuances possibles. Une <strong>r\u00e9sine \u00e9poxy<\/strong> ou une formulation diff\u00e9rente pourra aussi \u00e9voluer en nuance au fil du temps.<\/p>\n\n<ul>\n  <li><strong>Oxydation<\/strong> de surface et au c\u0153ur<\/li>\n  <li>Influence des <strong>pigments<\/strong> et additifs naturels<\/li>\n  <li>Variation li\u00e9e \u00e0 la densit\u00e9 et \u00e0 la <strong>structure interne<\/strong><\/li>\n  <li><strong>Changement d\u2019aspect<\/strong> avec la lumi\u00e8re et l\u2019humidit\u00e9<\/li>\n  <li>Effets du vieillissement et du stockage<\/li>\n<\/ul>\n\n<h2><span class=\"ez-toc-section\" id=\"Exposition_superficielle_a_lair_et_oxydation_comment_sopere_le_contraste\"><\/span>Exposition superficielle \u00e0 l\u2019air et oxydation&nbsp;: comment s\u2019op\u00e8re le contraste&nbsp;?<span class=\"ez-toc-section-end\"><\/span><\/h2>\n<p>Le contraste marqu\u00e9 entre une r\u00e9sine <strong>blonde \u00e0 l\u2019ext\u00e9rieur<\/strong> et <strong>sombre \u00e0 l\u2019int\u00e9rieur<\/strong> provient essentiellement de l\u2019<strong>exposition superficielle \u00e0 l\u2019air<\/strong>, responsable de l\u2019<strong>oxydation<\/strong>. Pour ceux qui s&rsquo;int\u00e9ressent aux r\u00e9sines traditionnelles, la <a href='https:\/\/weedy.fr\/product\/nepal-cream'>Nepal Cream<\/a> est souvent cit\u00e9e pour ses qualit\u00e9s remarquables. Lorsque la surface de la r\u00e9sine rencontre l\u2019oxyg\u00e8ne, une r\u00e9action chimique d\u00e9bute, modifiant progressivement la coloration externe.<\/p>\n<p>L\u2019<strong>oxydation<\/strong> entra\u00eene souvent un <strong>brunissement<\/strong> ou un l\u00e9ger <strong>jaunissement<\/strong> de la couche externe, surtout pour la <strong>r\u00e9sine \u00e9poxy<\/strong> mal prot\u00e9g\u00e9e ou expos\u00e9e trop t\u00f4t avant durcissement complet. \u00c0 l\u2019inverse, l\u2019int\u00e9rieur, prot\u00e9g\u00e9 de l\u2019air, conserve plus longtemps une pigmentation profonde, ce qui explique la diff\u00e9rence nette de teinte lors de la coupe. D\u2019ailleurs, le <a href='https:\/\/weedy.fr\/product\/le-charas-20-resine-de-cbd-easy-weed'>Le Charas<\/a> est une r\u00e9f\u00e9rence appr\u00e9ci\u00e9e pour sa couleur intense et sa texture particuli\u00e8re.<\/p>\n\n<h3><span class=\"ez-toc-section\" id=\"Les_mecanismes_precis_de_loxydation_de_surface\"><\/span>Les m\u00e9canismes pr\u00e9cis de l\u2019oxydation de surface<span class=\"ez-toc-section-end\"><\/span><\/h3>\n<p>D\u00e8s la premi\u00e8re exposition \u00e0 l\u2019air apr\u00e8s le moulage ou l\u2019extraction, les cha\u00eenes chimiques de la r\u00e9sine r\u00e9agissent avec l\u2019oxyg\u00e8ne. Cela transforme certains composants hydrocarbon\u00e9s en substances plus pigment\u00e9es, voire opaques, accentuant le <strong>contraste visuel<\/strong>. L\u2019exposition prolong\u00e9e \u00e0 la lumi\u00e8re acc\u00e9l\u00e8re cette \u00e9volution chromatique en p\u00e9riph\u00e9rie.<\/p>\n<p>Dans des conditions de stockage ma\u00eetris\u00e9es, il est possible de limiter ce processus et d\u2019obtenir une surface plus homog\u00e8ne. Cependant, aucune r\u00e9sine n\u2019est totalement stable dans le temps&nbsp;: des micro-impuret\u00e9s ou le simple effet de l\u2019\u00e2ge finissent toujours par alt\u00e9rer la <strong>teinte<\/strong>.<\/p>\n\n<h3><span class=\"ez-toc-section\" id=\"Pourquoi_la_couleur_ne_garantit_jamais_la_qualite\"><\/span>Pourquoi la couleur ne garantit jamais la qualit\u00e9&nbsp;?<span class=\"ez-toc-section-end\"><\/span><\/h3>\n<p>Il est important de rappeler qu\u2019une <strong>couleur<\/strong> donn\u00e9e ne signifie ni puret\u00e9 sup\u00e9rieure, ni origine sp\u00e9cifique. Des r\u00e9sines blanches, brunes ou noires peuvent toutes \u00eatre excellentes ou m\u00e9diocres selon leur proc\u00e9d\u00e9 de fabrication. Certains artisans jouent sur la <strong>pression<\/strong>, la <strong>temp\u00e9rature<\/strong> ou ajoutent des pigments sp\u00e9cifiques pour obtenir l\u2019effet recherch\u00e9, sans lien direct avec la qualit\u00e9 intrins\u00e8que.<\/p>\n<p>Une bordure blanch\u00e2tre traduit souvent un contact intense avec l\u2019air, tandis qu\u2019un int\u00e9rieur sombre signale une forte densit\u00e9 ou un compactage pouss\u00e9. Ces diff\u00e9rences d\u2019aspect sont li\u00e9es \u00e0 la structure mais ne doivent jamais servir de crit\u00e8res exclusifs d\u2019\u00e9valuation.<\/p>\n\n<h2><span class=\"ez-toc-section\" id=\"Quel_role_jouent_pression_temperature_et_structure_interne_dans_la_variation_des_couleurs\"><\/span>Quel r\u00f4le jouent pression, temp\u00e9rature et structure interne dans la variation des couleurs&nbsp;?<span class=\"ez-toc-section-end\"><\/span><\/h2>\n<p>Le mode de fabrication influence fortement la <strong>coloration<\/strong> d\u2019une r\u00e9sine, tant \u00e0 l\u2019ext\u00e9rieur qu\u2019\u00e0 l\u2019int\u00e9rieur. Deux param\u00e8tres cl\u00e9s entrent en jeu&nbsp;: la <strong>pression<\/strong> exerc\u00e9e lors de la confection et la <strong>temp\u00e9rature<\/strong> atteinte durant le <strong>durcissement de la r\u00e9sine<\/strong>.<\/p>\n<p>Un pressage marqu\u00e9 resserre la structure mol\u00e9culaire et augmente la densit\u00e9, favorisant ainsi une coloration fonc\u00e9e \u00e0 c\u0153ur. \u00c0 l\u2019inverse, un pressage doux laisse plus d\u2019air interagir, donnant un aspect dor\u00e9 ou blond en surface tout en conservant la profondeur color\u00e9e centrale. La multiplicit\u00e9 de ces r\u00e9glages explique la grande diversit\u00e9 d\u2019aspects produits.<\/p>\n\n<h3><span class=\"ez-toc-section\" id=\"Temperature_et_durcissement_quelles_consequences_visibles\"><\/span>Temp\u00e9rature et durcissement&nbsp;: quelles cons\u00e9quences visibles&nbsp;?<span class=\"ez-toc-section-end\"><\/span><\/h3>\n<p>Une <strong>temp\u00e9rature \u00e9lev\u00e9e<\/strong> pendant la cuisson ou la polym\u00e9risation modifie non seulement la texture, mais aussi la gamme chromatique obtenue. Trop de chaleur peut provoquer une d\u00e9gradation acc\u00e9l\u00e9r\u00e9e de certains <strong>pigments<\/strong>, g\u00e9n\u00e9rant alors des noirs profonds ou des gris m\u00e9tallis\u00e9s. Un <strong>durcissement<\/strong> lent et soigneux, \u00e0 basse temp\u00e9rature, pr\u00e9serve mieux les teintes naturelles issues des tanins ou autres colorants pr\u00e9sents.<\/p>\n<p>\u00c0 chaque \u00e9tape du processus, le contr\u00f4le de ces param\u00e8tres est essentiel pour \u00e9viter toute d\u00e9rive ind\u00e9sirable de la <strong>couleur<\/strong>, surtout si l\u2019on recherche une stabilit\u00e9 chromatique durable.<\/p>\n\n<h3><span class=\"ez-toc-section\" id=\"Effet_de_la_structure_interne_porosite_et_inclusion\"><\/span>Effet de la structure interne&nbsp;: porosit\u00e9 et inclusion<span class=\"ez-toc-section-end\"><\/span><\/h3>\n<p>La fa\u00e7on dont la r\u00e9sine se solidifie d\u00e9termine sa <strong>porosit\u00e9<\/strong> et la possibilit\u00e9 d\u2019int\u00e9grer des inclusions (bulles d\u2019air, particules v\u00e9g\u00e9tales, min\u00e9raux). Une structure tr\u00e8s compacte renvoie un ton sombre, car la lumi\u00e8re y p\u00e9n\u00e8tre difficilement. Inversement, une structure plus a\u00e9r\u00e9e met en valeur la fameuse teinte \u201cblonde\u201d visible \u00e0 la coupe.<\/p>\n<p>Pour observer concr\u00e8tement ces \u00e9carts de coloration, il suffit de couper la r\u00e9sine en plusieurs blocs puis de photographier la section. Cette m\u00e9thode met en \u00e9vidence la progression du <strong>changement d\u2019aspect<\/strong> du bord vers le centre, r\u00e9v\u00e9lant la diversit\u00e9 structurale et chromatique cach\u00e9e sous la surface.<\/p>\n\n<h2><span class=\"ez-toc-section\" id=\"Comment_prevenir_ou_attenuer_les_problemes_lies_au_changement_daspect\"><\/span>Comment pr\u00e9venir ou att\u00e9nuer les probl\u00e8mes li\u00e9s au changement d\u2019aspect&nbsp;?<span class=\"ez-toc-section-end\"><\/span><\/h2>\n<p>Nombreux sont les utilisateurs et transformateurs qui veulent \u00e9viter les mauvaises surprises li\u00e9es aux <strong>probl\u00e8mes de r\u00e9sine<\/strong> comme le <strong>jaunissement<\/strong> ou la perte d\u2019homog\u00e9n\u00e9it\u00e9 color\u00e9e. Plusieurs <strong>astuces et conseils<\/strong> permettent de pr\u00e9server la stabilit\u00e9 chromatique lors du stockage ou de l\u2019utilisation.<\/p>\n<p>Le souci principal reste le <strong>jaunissement ext\u00e9rieur<\/strong> ou la d\u00e9coloration progressive, surtout pour les <strong>r\u00e9sines \u00e9poxy<\/strong> peu stabilis\u00e9es contre les UV ou soumises \u00e0 de fortes expositions lumineuses. Pour toute question sur la composition ou la r\u00e9glementation, consultez notre page d\u00e9di\u00e9e aux <a href='https:\/\/weedy.fr\/en\/faq'>questions fr\u00e9quentes<\/a>. Pour lutter contre ce ph\u00e9nom\u00e8ne, privil\u00e9giez un conditionnement herm\u00e9tique, \u00e0 l\u2019abri de la lumi\u00e8re, et respectez scrupuleusement les temp\u00e9ratures recommand\u00e9es lors du <strong>durcissement de la r\u00e9sine<\/strong>.<\/p>\n\n<ul>\n  <li>Limiter l\u2019exposition \u00e0 l\u2019air libre et \u00e0 la lumi\u00e8re directe<\/li>\n  <li>Contr\u00f4ler pr\u00e9cis\u00e9ment <strong>temp\u00e9rature<\/strong> et <strong>pression<\/strong> lors de la fabrication<\/li>\n  <li>S\u00e9lectionner des <strong>pigments<\/strong> r\u00e9sistants \u00e0 l\u2019oxydation<\/li>\n  <li>Utiliser des <strong>colorants<\/strong> adapt\u00e9s \u00e0 l\u2019usage<\/li>\n  <li>V\u00e9rifier r\u00e9guli\u00e8rement la structure pour d\u00e9tecter toute inclusion ind\u00e9sirable<\/li>\n<\/ul>\n\n<table>\n  <tr>\n    <th>Param\u00e8tre<\/th>\n    <th>Effet potentiel sur la couleur<\/th>\n    <th>Pr\u00e9vention<\/th>\n  <\/tr>\n  <tr>\n    <td><strong>Oxyg\u00e9nation<\/strong><\/td>\n    <td><strong>Jaunissement<\/strong>, brunissement de surface<\/td>\n    <td>Stockage herm\u00e9tique, manipulation rapide<\/td>\n  <\/tr>\n  <tr>\n    <td><strong>Temp\u00e9rature excessive<\/strong><\/td>\n    <td>Assombrissement, taches fonc\u00e9es internes<\/td>\n    <td>Contr\u00f4le pr\u00e9cis de la temp\u00e9rature<\/td>\n  <\/tr>\n  <tr>\n    <td>Additifs inad\u00e9quats<\/td>\n    <td>Tons non uniformes<\/td>\n    <td>S\u00e9lection rigoureuse des <strong>pigments<\/strong> et <strong>colorants<\/strong><\/td>\n  <\/tr>\n<\/table>\n\n<h2><span class=\"ez-toc-section\" id=\"Questions_frequentes_sur_la_couleur_des_resines_et_leur_evolution\"><\/span>Questions fr\u00e9quentes sur la couleur des r\u00e9sines et leur \u00e9volution<span class=\"ez-toc-section-end\"><\/span><\/h2>\n\n<div itemscope itemtype=\"https:\/\/schema.org\/FAQPage\">\n  <div itemscope itemprop='mainEntity' itemtype='https:\/\/schema.org\/Question'>\n    <h3 itemprop='name'><span class=\"ez-toc-section\" id=\"La_coloration_dune_resine_peut-elle_reveler_des_problemes_de_qualite\"><\/span>La coloration d&rsquo;une r\u00e9sine peut-elle r\u00e9v\u00e9ler des probl\u00e8mes de qualit\u00e9 ?<span class=\"ez-toc-section-end\"><\/span><\/h3>\n    <div itemscope itemprop='acceptedAnswer' itemtype='https:\/\/schema.org\/Answer'><div itemprop='text'>\n      <p>La <strong>couleur<\/strong> observ\u00e9e, qu&rsquo;elle soit blonde, brune ou noire, ne suffit pas \u00e0 d\u00e9terminer la qualit\u00e9 d&rsquo;une r\u00e9sine. Un <strong>changement d\u2019aspect<\/strong> peut avoir de multiples causes, techniques ou naturelles, sans rapport direct avec de v\u00e9ritables <strong>probl\u00e8mes de r\u00e9sine<\/strong>. L\u2019analyse doit prendre en compte la structure, l\u2019odeur, la texture et le proc\u00e9d\u00e9 de fabrication plut\u00f4t que de s\u2019arr\u00eater \u00e0 la seule apparence.<\/p>\n      <ul>\n        <li>V\u00e9rifier la coh\u00e9rence de la mati\u00e8re<\/li>\n        <li>Examiner la r\u00e9action au chauffage ou au maniement<\/li>\n        <li>Analyser la provenance et le proc\u00e9d\u00e9 de fabrication<\/li>\n      <\/ul>\n    <\/div><\/div>\n  <\/div>\n  <div itemscope itemprop='mainEntity' itemtype='https:\/\/schema.org\/Question'>\n    <h3 itemprop='name'><span class=\"ez-toc-section\" id=\"Comment_reconnaitre_un_jaunissement_du_a_loxydation\"><\/span>Comment reconna\u00eetre un jaunissement d\u00fb \u00e0 l\u2019oxydation&nbsp;?<span class=\"ez-toc-section-end\"><\/span><\/h3>\n    <div itemscope itemprop='acceptedAnswer' itemtype='https:\/\/schema.org\/Answer'><div itemprop='text'>\n      <p>Un <strong>jaunissement<\/strong> appara\u00eet fr\u00e9quemment suite \u00e0 une exposition r\u00e9p\u00e9t\u00e9e \u00e0 l\u2019air et \u00e0 la lumi\u00e8re, avant ou apr\u00e8s le <strong>durcissement de la r\u00e9sine \u00e9poxy<\/strong>. Le ph\u00e9nom\u00e8ne touche d\u2019abord la surface puis, avec le temps, gagne le c\u0153ur du produit. Observer la rapidit\u00e9 et la progression du jaunissement permet d\u2019en identifier l\u2019origine principale.<\/p>\n      <table>\n        <tr>\n          <th>Facteur<\/th>\n          <th>Impact sur la couleur<\/th>\n        <\/tr>\n        <tr>\n          <td>Lumi\u00e8re UV<\/td>\n          <td>Accentuation du <strong>jaunissement<\/strong><\/td>\n        <\/tr>\n        <tr>\n          <td>Oxyg\u00e8ne<\/td>\n          <td>Brunissement superficiel<\/td>\n        <\/tr>\n      <\/table>\n    <\/div><\/div>\n  <\/div>\n  <div itemscope itemprop='mainEntity' itemtype='https:\/\/schema.org\/Question'>\n    <h3 itemprop='name'><span class=\"ez-toc-section\" id=\"Quels_pigments_sont_privilegies_pour_obtenir_une_coloration_stable\"><\/span>Quels pigments sont privil\u00e9gi\u00e9s pour obtenir une coloration stable&nbsp;?<span class=\"ez-toc-section-end\"><\/span><\/h3>\n    <div itemscope itemprop='acceptedAnswer' itemtype='https:\/\/schema.org\/Answer'><div itemprop='text'>\n      <p>Pour garantir une <strong>coloration<\/strong> stable dans le temps, on privil\u00e9gie les <strong>pigments min\u00e9raux<\/strong> ou organiques offrant une haute r\u00e9sistance \u00e0 l\u2019<strong>oxydation<\/strong>, notamment pour les objets et bijoux en <strong>r\u00e9sine \u00e9poxy<\/strong>. Par ailleurs, il existe des recherches sur les liens entre <a href=\"https:\/\/weedy.fr\" data-internallinksmanager029f6b8e52c=\"1\" title=\"CBD - cannabidiol\">CBD<\/a> et certaines affections respiratoires, comme expliqu\u00e9 dans cet article sur le <a href='https:\/\/weedy.fr\/blog\/asthme-cbd\/'>CBD et l\u2019asthme<\/a>. Les colorants sp\u00e9cifiques, s\u00e9lectionn\u00e9s selon l\u2019usage, limitent les risques de d\u00e9coloration ou de migration chromatique.<\/p>\n      <ul>\n        <li><strong>Pigments min\u00e9raux<\/strong> (oxydes, terres naturelles)<\/li>\n        <li>Colorants de synth\u00e8se r\u00e9sistants aux UV<\/li>\n        <li>Tanins v\u00e9g\u00e9taux pour teintes chaudes<\/li>\n      <\/ul>\n    <\/div><\/div>\n  <\/div>\n  <div itemscope itemprop='mainEntity' itemtype='https:\/\/schema.org\/Question'>\n    <h3 itemprop='name'><span class=\"ez-toc-section\" id=\"Couper_une_resine_en_plusieurs_blocs_influence-t-il_la_coloration_percue\"><\/span>Couper une r\u00e9sine en plusieurs blocs influence-t-il la coloration per\u00e7ue&nbsp;?<span class=\"ez-toc-section-end\"><\/span><\/h3>\n    <div itemscope itemprop='acceptedAnswer' itemtype='https:\/\/schema.org\/Answer'><div itemprop='text'>\n      <p>D\u00e9couper la r\u00e9sine en plusieurs sections, puis photographier successivement la bordure et le centre, permet de visualiser imm\u00e9diatement le <strong>gradient de coloration<\/strong> entre la surface et le c\u0153ur. Cette pratique r\u00e9v\u00e8le la <strong>structure interne<\/strong> et la progression \u00e9ventuelle des zones oxyd\u00e9es ou jaunies.<\/p>\n      <ul>\n        <li>Observation imm\u00e9diate apr\u00e8s la coupe<\/li>\n        <li>Comparaison photo entre surface et c\u0153ur<\/li>\n        <li>Identification de couches h\u00e9t\u00e9rog\u00e8nes<\/li>\n      <\/ul>\n    <\/div><\/div>\n  <\/div>\n<\/div>\n","protected":false},"excerpt":{"rendered":"<p>La r\u00e9sine intrigue par ses variations de teinte et son aspect myst\u00e9rieux. Il est fr\u00e9quent de d\u00e9couvrir une r\u00e9sine blonde en surface qui r\u00e9v\u00e8le un c\u0153ur nettement plus fonc\u00e9, presque noir, lorsqu\u2019on la coupe. Ce ph\u00e9nom\u00e8ne suscite la curiosit\u00e9 des passionn\u00e9s et alimente les d\u00e9bats sur la qualit\u00e9 ou l\u2019origine du mat\u00e9riau. Pourtant, la coloration [&hellip;]<\/p>\n","protected":false},"author":95,"featured_media":0,"comment_status":"closed","ping_status":"open","sticky":false,"template":"","format":"standard","meta":{"_sitemap_exclude":false,"_sitemap_priority":"","_sitemap_frequency":"","footnotes":""},"categories":[370],"tags":[],"class_list":["post-366188","post","type-post","status-publish","format-standard","hentry","category-actualite-cbd"],"yoast_head":"<!-- This site is optimized with the Yoast SEO Premium plugin v28.3 (Yoast SEO v28.3) - https:\/\/yoast.com\/product\/yoast-seo-premium-wordpress\/ -->\n<title>Couleur des r\u00e9sines : Pourquoi varient-elles \u00e0 l&#039;int\u00e9rieur ?<\/title>\n<meta name=\"description\" content=\"D\u00e9couvrez pourquoi la couleur des r\u00e9sines change de l&#039;ext\u00e9rieur vers l&#039;int\u00e9rieur. Apprenez les facteurs influen\u00e7ant cette variation fascinante.\" \/>\n<meta name=\"robots\" content=\"index, follow, max-snippet:-1, max-image-preview:large, max-video-preview:-1\" \/>\n<link rel=\"canonical\" href=\"https:\/\/weedy.fr\/blog\/blond-dehors-noir-dedans-pourquoi-la-couleur-d-une-resine-peut-elle-changer-dans-la-masse\/\" \/>\n<meta property=\"og:locale\" content=\"fr_FR\" \/>\n<meta property=\"og:type\" content=\"article\" \/>\n<meta property=\"og:title\" content=\"\ud83c\udf31Blond dehors, noir dedans : pourquoi la couleur d\u2019une r\u00e9sine peut-elle changer dans la masse ? - Weedy.Fr\ud83c\udf31\" \/>\n<meta property=\"og:description\" content=\"D\u00e9couvrez pourquoi la couleur des r\u00e9sines change de l&#039;ext\u00e9rieur vers l&#039;int\u00e9rieur. Apprenez les facteurs influen\u00e7ant cette variation fascinante.\" \/>\n<meta property=\"og:url\" content=\"https:\/\/weedy.fr\/blog\/blond-dehors-noir-dedans-pourquoi-la-couleur-d-une-resine-peut-elle-changer-dans-la-masse\/\" \/>\n<meta property=\"og:site_name\" content=\"Actualit\u00e9s CBD Blog - Weedy.fr\" \/>\n<meta property=\"article:publisher\" content=\"https:\/\/www.facebook.com\/weedysocial\" \/>\n<meta property=\"article:published_time\" content=\"2026-08-31T03:47:00+00:00\" \/>\n<meta property=\"og:image\" content=\"https:\/\/weedy.fr\/blog\/wp-content\/uploads\/2024\/05\/logo-carre.jpg\" \/>\n\t<meta property=\"og:image:width\" content=\"582\" \/>\n\t<meta property=\"og:image:height\" content=\"582\" \/>\n\t<meta property=\"og:image:type\" content=\"image\/jpeg\" \/>\n<meta name=\"author\" content=\"Alexandre Lacarr\u00e9\" \/>\n<meta name=\"twitter:card\" content=\"summary_large_image\" \/>\n<meta name=\"twitter:label1\" content=\"\u00c9crit par\" \/>\n\t<meta name=\"twitter:data1\" content=\"Alexandre Lacarr\u00e9\" \/>\n\t<meta name=\"twitter:label2\" content=\"Dur\u00e9e de lecture estim\u00e9e\" \/>\n\t<meta name=\"twitter:data2\" content=\"9 minutes\" \/>\n<script type=\"application\/ld+json\" class=\"yoast-schema-graph\">{\"@context\":\"https:\\\/\\\/schema.org\",\"@graph\":[{\"@type\":\"Article\",\"@id\":\"https:\\\/\\\/weedy.fr\\\/blog\\\/blond-dehors-noir-dedans-pourquoi-la-couleur-d-une-resine-peut-elle-changer-dans-la-masse\\\/#article\",\"isPartOf\":{\"@id\":\"https:\\\/\\\/weedy.fr\\\/blog\\\/blond-dehors-noir-dedans-pourquoi-la-couleur-d-une-resine-peut-elle-changer-dans-la-masse\\\/\"},\"author\":{\"name\":\"Alexandre Lacarr\u00e9\",\"@id\":\"https:\\\/\\\/weedy.fr\\\/blog\\\/#\\\/schema\\\/person\\\/54c87d7e580413b08a5b875474a54f4e\"},\"headline\":\"Blond dehors, noir dedans : pourquoi la couleur d\u2019une r\u00e9sine peut-elle changer dans la masse ?\",\"datePublished\":\"2026-08-31T03:47:00+00:00\",\"mainEntityOfPage\":{\"@id\":\"https:\\\/\\\/weedy.fr\\\/blog\\\/blond-dehors-noir-dedans-pourquoi-la-couleur-d-une-resine-peut-elle-changer-dans-la-masse\\\/\"},\"wordCount\":1851,\"publisher\":{\"@id\":\"https:\\\/\\\/weedy.fr\\\/blog\\\/#organization\"},\"articleSection\":[\"Actualit\u00e9s du CBD\"],\"inLanguage\":\"fr-FR\"},{\"@type\":\"WebPage\",\"@id\":\"https:\\\/\\\/weedy.fr\\\/blog\\\/blond-dehors-noir-dedans-pourquoi-la-couleur-d-une-resine-peut-elle-changer-dans-la-masse\\\/\",\"url\":\"https:\\\/\\\/weedy.fr\\\/blog\\\/blond-dehors-noir-dedans-pourquoi-la-couleur-d-une-resine-peut-elle-changer-dans-la-masse\\\/\",\"name\":\"Couleur des r\u00e9sines : Pourquoi varient-elles \u00e0 l'int\u00e9rieur ?\",\"isPartOf\":{\"@id\":\"https:\\\/\\\/weedy.fr\\\/blog\\\/#website\"},\"datePublished\":\"2026-08-31T03:47:00+00:00\",\"description\":\"D\u00e9couvrez pourquoi la couleur des r\u00e9sines change de l'ext\u00e9rieur vers l'int\u00e9rieur. Apprenez les facteurs influen\u00e7ant cette variation fascinante.\",\"breadcrumb\":{\"@id\":\"https:\\\/\\\/weedy.fr\\\/blog\\\/blond-dehors-noir-dedans-pourquoi-la-couleur-d-une-resine-peut-elle-changer-dans-la-masse\\\/#breadcrumb\"},\"inLanguage\":\"fr-FR\",\"potentialAction\":[{\"@type\":\"ReadAction\",\"target\":[\"https:\\\/\\\/weedy.fr\\\/blog\\\/blond-dehors-noir-dedans-pourquoi-la-couleur-d-une-resine-peut-elle-changer-dans-la-masse\\\/\"]}]},{\"@type\":\"BreadcrumbList\",\"@id\":\"https:\\\/\\\/weedy.fr\\\/blog\\\/blond-dehors-noir-dedans-pourquoi-la-couleur-d-une-resine-peut-elle-changer-dans-la-masse\\\/#breadcrumb\",\"itemListElement\":[{\"@type\":\"ListItem\",\"position\":1,\"name\":\"CBD Blog\",\"item\":\"https:\\\/\\\/weedy.fr\\\/blog\\\/\"},{\"@type\":\"ListItem\",\"position\":2,\"name\":\"Culture du CBD\",\"item\":\"https:\\\/\\\/weedy.fr\\\/blog\\\/category\\\/culture-cbd\\\/\"},{\"@type\":\"ListItem\",\"position\":3,\"name\":\"Actualit\u00e9s du CBD\",\"item\":\"https:\\\/\\\/weedy.fr\\\/blog\\\/category\\\/culture-cbd\\\/actualite-cbd\\\/\"},{\"@type\":\"ListItem\",\"position\":4,\"name\":\"Blond dehors, noir dedans : pourquoi la couleur d\u2019une r\u00e9sine peut-elle changer dans la masse ?\"}]},{\"@type\":\"WebSite\",\"@id\":\"https:\\\/\\\/weedy.fr\\\/blog\\\/#website\",\"url\":\"https:\\\/\\\/weedy.fr\\\/blog\\\/\",\"name\":\"Actualit\u00e9s CBD Blog - Weedy.fr\",\"description\":\"Le meilleur de l&#039;actualit\u00e9 du CBD et du chanvre en France\",\"publisher\":{\"@id\":\"https:\\\/\\\/weedy.fr\\\/blog\\\/#organization\"},\"alternateName\":\"Weedy.fr\",\"potentialAction\":[{\"@type\":\"SearchAction\",\"target\":{\"@type\":\"EntryPoint\",\"urlTemplate\":\"https:\\\/\\\/weedy.fr\\\/blog\\\/?s={search_term_string}\"},\"query-input\":{\"@type\":\"PropertyValueSpecification\",\"valueRequired\":true,\"valueName\":\"search_term_string\"}}],\"inLanguage\":\"fr-FR\"},{\"@type\":\"Organization\",\"@id\":\"https:\\\/\\\/weedy.fr\\\/blog\\\/#organization\",\"name\":\"Weedy.fr\",\"alternateName\":\"Weedy.fr\",\"url\":\"https:\\\/\\\/weedy.fr\\\/blog\\\/\",\"logo\":{\"@type\":\"ImageObject\",\"inLanguage\":\"fr-FR\",\"@id\":\"https:\\\/\\\/weedy.fr\\\/blog\\\/#\\\/schema\\\/logo\\\/image\\\/\",\"url\":\"https:\\\/\\\/weedy.fr\\\/blog\\\/wp-content\\\/uploads\\\/2024\\\/05\\\/logo-carre.jpg\",\"contentUrl\":\"https:\\\/\\\/weedy.fr\\\/blog\\\/wp-content\\\/uploads\\\/2024\\\/05\\\/logo-carre.jpg\",\"width\":582,\"height\":582,\"caption\":\"Weedy.fr\"},\"image\":{\"@id\":\"https:\\\/\\\/weedy.fr\\\/blog\\\/#\\\/schema\\\/logo\\\/image\\\/\"},\"sameAs\":[\"https:\\\/\\\/www.facebook.com\\\/weedysocial\",\"https:\\\/\\\/www.instagram.com\\\/weedyfrance\\\/\"],\"description\":\"Leader en france sur la vente de produits \u00e0 base de CBD\",\"email\":\"support@weedy.fr\",\"telephone\":\"0187651030\",\"legalName\":\"Weedy.fr\"},{\"@type\":\"Person\",\"@id\":\"https:\\\/\\\/weedy.fr\\\/blog\\\/#\\\/schema\\\/person\\\/54c87d7e580413b08a5b875474a54f4e\",\"name\":\"Alexandre Lacarr\u00e9\",\"image\":{\"@type\":\"ImageObject\",\"inLanguage\":\"fr-FR\",\"@id\":\"https:\\\/\\\/secure.gravatar.com\\\/avatar\\\/e5ede08fa6bfcbfc59ce9a91c3db2da4d48324aacb4d3157006c217cb2a2b125?s=96&d=mm&r=g\",\"url\":\"https:\\\/\\\/secure.gravatar.com\\\/avatar\\\/e5ede08fa6bfcbfc59ce9a91c3db2da4d48324aacb4d3157006c217cb2a2b125?s=96&d=mm&r=g\",\"contentUrl\":\"https:\\\/\\\/secure.gravatar.com\\\/avatar\\\/e5ede08fa6bfcbfc59ce9a91c3db2da4d48324aacb4d3157006c217cb2a2b125?s=96&d=mm&r=g\",\"caption\":\"Alexandre Lacarr\u00e9\"},\"description\":\"Alexandre Lacarr\u00e9 est reconnu comme un leader innovant et influent dans l'industrie du cannabidiol (CBD). Alexandre a d\u00e9but\u00e9 sa carri\u00e8re dans le secteur des biotechnologies, o\u00f9 il a acquis une expertise pr\u00e9cieuse en recherche et d\u00e9veloppement. Passionn\u00e9 par les potentiels th\u00e9rapeutiques des compos\u00e9s naturels, il s'est rapidement orient\u00e9 vers l'industrie naissante du CBD.\",\"sameAs\":[\"https:\\\/\\\/www.linkedin.com\\\/in\\\/alexandre-henri-lacarr-785850186\\\/\"],\"honorificPrefix\":\"Mr\",\"gender\":\"homme\",\"knowsAbout\":[\"CBD\",\"Cannabis\",\"Copywriter\"],\"worksFor\":\"Weedy.fr\",\"url\":\"https:\\\/\\\/weedy.fr\\\/blog\\\/author\\\/fiacre\\\/\"}]}<\/script>\n<!-- \/ Yoast SEO Premium plugin. -->","yoast_head_json":{"title":"Couleur des r\u00e9sines : Pourquoi varient-elles \u00e0 l'int\u00e9rieur ?","description":"D\u00e9couvrez pourquoi la couleur des r\u00e9sines change de l'ext\u00e9rieur vers l'int\u00e9rieur. Apprenez les facteurs influen\u00e7ant cette variation fascinante.","robots":{"index":"index","follow":"follow","max-snippet":"max-snippet:-1","max-image-preview":"max-image-preview:large","max-video-preview":"max-video-preview:-1"},"canonical":"https:\/\/weedy.fr\/blog\/blond-dehors-noir-dedans-pourquoi-la-couleur-d-une-resine-peut-elle-changer-dans-la-masse\/","og_locale":"fr_FR","og_type":"article","og_title":"\ud83c\udf31Blond dehors, noir dedans : pourquoi la couleur d\u2019une r\u00e9sine peut-elle changer dans la masse ? - Weedy.Fr\ud83c\udf31","og_description":"D\u00e9couvrez pourquoi la couleur des r\u00e9sines change de l'ext\u00e9rieur vers l'int\u00e9rieur. Apprenez les facteurs influen\u00e7ant cette variation fascinante.","og_url":"https:\/\/weedy.fr\/blog\/blond-dehors-noir-dedans-pourquoi-la-couleur-d-une-resine-peut-elle-changer-dans-la-masse\/","og_site_name":"Actualit\u00e9s CBD Blog - Weedy.fr","article_publisher":"https:\/\/www.facebook.com\/weedysocial","article_published_time":"2026-08-31T03:47:00+00:00","og_image":[{"width":582,"height":582,"url":"https:\/\/weedy.fr\/blog\/wp-content\/uploads\/2024\/05\/logo-carre.jpg","type":"image\/jpeg"}],"author":"Alexandre Lacarr\u00e9","twitter_card":"summary_large_image","twitter_misc":{"\u00c9crit par":"Alexandre Lacarr\u00e9","Dur\u00e9e de lecture estim\u00e9e":"9 minutes"},"schema":{"@context":"https:\/\/schema.org","@graph":[{"@type":"Article","@id":"https:\/\/weedy.fr\/blog\/blond-dehors-noir-dedans-pourquoi-la-couleur-d-une-resine-peut-elle-changer-dans-la-masse\/#article","isPartOf":{"@id":"https:\/\/weedy.fr\/blog\/blond-dehors-noir-dedans-pourquoi-la-couleur-d-une-resine-peut-elle-changer-dans-la-masse\/"},"author":{"name":"Alexandre Lacarr\u00e9","@id":"https:\/\/weedy.fr\/blog\/#\/schema\/person\/54c87d7e580413b08a5b875474a54f4e"},"headline":"Blond dehors, noir dedans : pourquoi la couleur d\u2019une r\u00e9sine peut-elle changer dans la masse ?","datePublished":"2026-08-31T03:47:00+00:00","mainEntityOfPage":{"@id":"https:\/\/weedy.fr\/blog\/blond-dehors-noir-dedans-pourquoi-la-couleur-d-une-resine-peut-elle-changer-dans-la-masse\/"},"wordCount":1851,"publisher":{"@id":"https:\/\/weedy.fr\/blog\/#organization"},"articleSection":["Actualit\u00e9s du CBD"],"inLanguage":"fr-FR"},{"@type":"WebPage","@id":"https:\/\/weedy.fr\/blog\/blond-dehors-noir-dedans-pourquoi-la-couleur-d-une-resine-peut-elle-changer-dans-la-masse\/","url":"https:\/\/weedy.fr\/blog\/blond-dehors-noir-dedans-pourquoi-la-couleur-d-une-resine-peut-elle-changer-dans-la-masse\/","name":"Couleur des r\u00e9sines : Pourquoi varient-elles \u00e0 l'int\u00e9rieur ?","isPartOf":{"@id":"https:\/\/weedy.fr\/blog\/#website"},"datePublished":"2026-08-31T03:47:00+00:00","description":"D\u00e9couvrez pourquoi la couleur des r\u00e9sines change de l'ext\u00e9rieur vers l'int\u00e9rieur. Apprenez les facteurs influen\u00e7ant cette variation fascinante.","breadcrumb":{"@id":"https:\/\/weedy.fr\/blog\/blond-dehors-noir-dedans-pourquoi-la-couleur-d-une-resine-peut-elle-changer-dans-la-masse\/#breadcrumb"},"inLanguage":"fr-FR","potentialAction":[{"@type":"ReadAction","target":["https:\/\/weedy.fr\/blog\/blond-dehors-noir-dedans-pourquoi-la-couleur-d-une-resine-peut-elle-changer-dans-la-masse\/"]}]},{"@type":"BreadcrumbList","@id":"https:\/\/weedy.fr\/blog\/blond-dehors-noir-dedans-pourquoi-la-couleur-d-une-resine-peut-elle-changer-dans-la-masse\/#breadcrumb","itemListElement":[{"@type":"ListItem","position":1,"name":"CBD Blog","item":"https:\/\/weedy.fr\/blog\/"},{"@type":"ListItem","position":2,"name":"Culture du CBD","item":"https:\/\/weedy.fr\/blog\/category\/culture-cbd\/"},{"@type":"ListItem","position":3,"name":"Actualit\u00e9s du CBD","item":"https:\/\/weedy.fr\/blog\/category\/culture-cbd\/actualite-cbd\/"},{"@type":"ListItem","position":4,"name":"Blond dehors, noir dedans : pourquoi la couleur d\u2019une r\u00e9sine peut-elle changer dans la masse ?"}]},{"@type":"WebSite","@id":"https:\/\/weedy.fr\/blog\/#website","url":"https:\/\/weedy.fr\/blog\/","name":"Actualit\u00e9s CBD Blog - Weedy.fr","description":"Le meilleur de l&#039;actualit\u00e9 du CBD et du chanvre en France","publisher":{"@id":"https:\/\/weedy.fr\/blog\/#organization"},"alternateName":"Weedy.fr","potentialAction":[{"@type":"SearchAction","target":{"@type":"EntryPoint","urlTemplate":"https:\/\/weedy.fr\/blog\/?s={search_term_string}"},"query-input":{"@type":"PropertyValueSpecification","valueRequired":true,"valueName":"search_term_string"}}],"inLanguage":"fr-FR"},{"@type":"Organization","@id":"https:\/\/weedy.fr\/blog\/#organization","name":"Weedy.fr","alternateName":"Weedy.fr","url":"https:\/\/weedy.fr\/blog\/","logo":{"@type":"ImageObject","inLanguage":"fr-FR","@id":"https:\/\/weedy.fr\/blog\/#\/schema\/logo\/image\/","url":"https:\/\/weedy.fr\/blog\/wp-content\/uploads\/2024\/05\/logo-carre.jpg","contentUrl":"https:\/\/weedy.fr\/blog\/wp-content\/uploads\/2024\/05\/logo-carre.jpg","width":582,"height":582,"caption":"Weedy.fr"},"image":{"@id":"https:\/\/weedy.fr\/blog\/#\/schema\/logo\/image\/"},"sameAs":["https:\/\/www.facebook.com\/weedysocial","https:\/\/www.instagram.com\/weedyfrance\/"],"description":"Leader en france sur la vente de produits \u00e0 base de CBD","email":"support@weedy.fr","telephone":"0187651030","legalName":"Weedy.fr"},{"@type":"Person","@id":"https:\/\/weedy.fr\/blog\/#\/schema\/person\/54c87d7e580413b08a5b875474a54f4e","name":"Alexandre Lacarr\u00e9","image":{"@type":"ImageObject","inLanguage":"fr-FR","@id":"https:\/\/secure.gravatar.com\/avatar\/e5ede08fa6bfcbfc59ce9a91c3db2da4d48324aacb4d3157006c217cb2a2b125?s=96&d=mm&r=g","url":"https:\/\/secure.gravatar.com\/avatar\/e5ede08fa6bfcbfc59ce9a91c3db2da4d48324aacb4d3157006c217cb2a2b125?s=96&d=mm&r=g","contentUrl":"https:\/\/secure.gravatar.com\/avatar\/e5ede08fa6bfcbfc59ce9a91c3db2da4d48324aacb4d3157006c217cb2a2b125?s=96&d=mm&r=g","caption":"Alexandre Lacarr\u00e9"},"description":"Alexandre Lacarr\u00e9 est reconnu comme un leader innovant et influent dans l'industrie du cannabidiol (CBD). Alexandre a d\u00e9but\u00e9 sa carri\u00e8re dans le secteur des biotechnologies, o\u00f9 il a acquis une expertise pr\u00e9cieuse en recherche et d\u00e9veloppement. Passionn\u00e9 par les potentiels th\u00e9rapeutiques des compos\u00e9s naturels, il s'est rapidement orient\u00e9 vers l'industrie naissante du CBD.","sameAs":["https:\/\/www.linkedin.com\/in\/alexandre-henri-lacarr-785850186\/"],"honorificPrefix":"Mr","gender":"homme","knowsAbout":["CBD","Cannabis","Copywriter"],"worksFor":"Weedy.fr","url":"https:\/\/weedy.fr\/blog\/author\/fiacre\/"}]}},"_links":{"self":[{"href":"https:\/\/weedy.fr\/blog\/wp-json\/wp\/v2\/posts\/366188","targetHints":{"allow":["GET"]}}],"collection":[{"href":"https:\/\/weedy.fr\/blog\/wp-json\/wp\/v2\/posts"}],"about":[{"href":"https:\/\/weedy.fr\/blog\/wp-json\/wp\/v2\/types\/post"}],"author":[{"embeddable":true,"href":"https:\/\/weedy.fr\/blog\/wp-json\/wp\/v2\/users\/95"}],"replies":[{"embeddable":true,"href":"https:\/\/weedy.fr\/blog\/wp-json\/wp\/v2\/comments?post=366188"}],"version-history":[{"count":1,"href":"https:\/\/weedy.fr\/blog\/wp-json\/wp\/v2\/posts\/366188\/revisions"}],"predecessor-version":[{"id":366189,"href":"https:\/\/weedy.fr\/blog\/wp-json\/wp\/v2\/posts\/366188\/revisions\/366189"}],"wp:attachment":[{"href":"https:\/\/weedy.fr\/blog\/wp-json\/wp\/v2\/media?parent=366188"}],"wp:term":[{"taxonomy":"category","embeddable":true,"href":"https:\/\/weedy.fr\/blog\/wp-json\/wp\/v2\/categories?post=366188"},{"taxonomy":"post_tag","embeddable":true,"href":"https:\/\/weedy.fr\/blog\/wp-json\/wp\/v2\/tags?post=366188"}],"curies":[{"name":"wp","href":"https:\/\/api.w.org\/{rel}","templated":true}]}}